{"id":9954,"date":"2022-11-17T11:19:15","date_gmt":"2022-11-17T10:19:15","guid":{"rendered":"https:\/\/www.kelmis.be\/?p=9954"},"modified":"2022-11-17T11:19:51","modified_gmt":"2022-11-17T10:19:51","slug":"des-janvier-emballages-en-plastique-souple-dans-les-sacs-bleus","status":"publish","type":"post","link":"https:\/\/www.kelmis.be\/fr\/depuis-la-maison-communale\/des-janvier-emballages-en-plastique-souple-dans-les-sacs-bleus","title":{"rendered":"D\u00e8s janvier, emballages en plastique souple dans les sacs bleus"},"content":{"rendered":"<p>Comme vous le savez sans doute, les sacs transparents disparaissent d\u00e8s le 1er\u00a0janvier 2023. La derni\u00e8re collecte de sac transparent \u00e0 La Calamine aura lieu le 29 d\u00e9cembre. \u00c0 partir de janvier, les emballages en plastique souple doivent \u00eatre pos\u00e9s dans les sacs bleus.<\/p>\n<p>Que doivent faire les citoyens avec les plastiques souples\u00a0d\u2019ici le 1er\u00a0janvier\u00a0?<\/p>\n<p>Intradel invite les citoyens \u00e0 continuer \u00e0 utiliser des sacs transparents et de les stocker \u00ab\u00a0comme d\u2019habitude\u00a0\u00bb jusqu\u2019\u00e0 la premi\u00e8re collecte de PMC de janvier. Pourquoi\u00a0? Car la nouvelle usine Sitel ne sera dispos\u00e9e \u00e0 trier les plastiques souples qu\u2019\u00e0 partir de janvier.<\/p>\n<p>Si vous n\u2019avez plus de sacs transparents\u00a0? Pas de probl\u00e8me, vous pouvez utiliser des sacs PMC pour mettre ces d\u00e9chets, mais ces sacs PMC ne pourront \u00eatre mis qu\u2019\u00e0 la premi\u00e8re collecte de janvier.<\/p>\n<p>S\u2019il reste un stock de sacs transparents apr\u00e8s le 1er\u00a0janvier\u00a0? Pas de soucis, ceux-ci pourront \u00eatre utilis\u00e9s comme des sacs PMC bleu. D\u00e8s le 1er\u00a0janvier (et jusqu\u2019\u00e0 \u00e9puisement des stocks), les sacs transparents seront collect\u00e9s toutes les 2 semaines et nous pourrons y d\u00e9poser les emballages en plastique rigides et souples, les emballages m\u00e9talliques et les cartons \u00e0 boisson.<\/p>\n","protected":false},"excerpt":{"rendered":"Comme vous le savez sans doute, les sacs transparents disparaissent d\u00e8s le 1er\u00a0janvier 2023. La derni\u00e8re collecte de sac transparent \u00e0 La Calamine aura lieu le 29 d\u00e9cembre. \u00c0 partir de janvier, les emballages en plastique souple doivent \u00eatre pos\u00e9s dans les sacs bleus. Que doivent faire les citoyens avec les plastiques souples\u00a0d\u2019ici le 1er\u00a0janvier\u00a0? [&hellip;]","protected":false},"author":2,"featured_media":9955,"comment_status":"closed","ping_status":"closed","sticky":false,"template":"","format":"standard","meta":{"_acf_changed":false,"footnotes":""},"categories":[71],"tags":[],"class_list":["post-9954","post","type-post","status-publish","format-standard","has-post-thumbnail","hentry","category-depuis-la-maison-communale"],"acf":[],"_links":{"self":[{"href":"https:\/\/www.kelmis.be\/fr\/wp-json\/wp\/v2\/posts\/9954","targetHints":{"allow":["GET"]}}],"collection":[{"href":"https:\/\/www.kelmis.be\/fr\/wp-json\/wp\/v2\/posts"}],"about":[{"href":"https:\/\/www.kelmis.be\/fr\/wp-json\/wp\/v2\/types\/post"}],"author":[{"embeddable":true,"href":"https:\/\/www.kelmis.be\/fr\/wp-json\/wp\/v2\/users\/2"}],"replies":[{"embeddable":true,"href":"https:\/\/www.kelmis.be\/fr\/wp-json\/wp\/v2\/comments?post=9954"}],"version-history":[{"count":1,"href":"https:\/\/www.kelmis.be\/fr\/wp-json\/wp\/v2\/posts\/9954\/revisions"}],"predecessor-version":[{"id":9956,"href":"https:\/\/www.kelmis.be\/fr\/wp-json\/wp\/v2\/posts\/9954\/revisions\/9956"}],"wp:featuredmedia":[{"embeddable":true,"href":"https:\/\/www.kelmis.be\/fr\/wp-json\/wp\/v2\/media\/9955"}],"wp:attachment":[{"href":"https:\/\/www.kelmis.be\/fr\/wp-json\/wp\/v2\/media?parent=9954"}],"wp:term":[{"taxonomy":"category","embeddable":true,"href":"https:\/\/www.kelmis.be\/fr\/wp-json\/wp\/v2\/categories?post=9954"},{"taxonomy":"post_tag","embeddable":true,"href":"https:\/\/www.kelmis.be\/fr\/wp-json\/wp\/v2\/tags?post=9954"}],"curies":[{"name":"wp","href":"https:\/\/api.w.org\/{rel}","templated":true}]}}