{"id":9925,"date":"2022-11-11T17:18:36","date_gmt":"2022-11-11T16:18:36","guid":{"rendered":"https:\/\/www.kelmis.be\/?p=9925"},"modified":"2022-11-11T17:19:13","modified_gmt":"2022-11-11T16:19:13","slug":"diplome-dhonneur-pour-paul-pauly","status":"publish","type":"post","link":"https:\/\/www.kelmis.be\/fr\/depuis-la-maison-communale\/diplome-dhonneur-pour-paul-pauly","title":{"rendered":"Dipl\u00f4me d&rsquo;honneur pour Paul Pauly"},"content":{"rendered":"<p>Ce soir, Paul Pauly a \u00e9t\u00e9 re\u00e7u et honor\u00e9 dans la salle des mariages de notre maison communale. Paul Pauly a re\u00e7u des mains du bourgmestre Luc Frank le dipl\u00f4me d&rsquo;honneur pour sa fonction de bourgmestre de Neu-Moresnet, durant la p\u00e9riode du 8 janvier 1971 au 31 d\u00e9cembre 1976. En outre, il a exerc\u00e9 la fonction d&rsquo;\u00e9chevin de notre commune du 2 janvier 1995 au 30 juin 1997. Il a \u00e9t\u00e9 membre du conseil jusqu&rsquo;en 2001. Paul Pauly n&rsquo;avait pas pu se rendre \u00e0 la c\u00e9r\u00e9monie d&rsquo;hommage dans la cour int\u00e9rieure de la maison communale en septembre.<\/p>\n","protected":false},"excerpt":{"rendered":"Ce soir, Paul Pauly a \u00e9t\u00e9 re\u00e7u et honor\u00e9 dans la salle des mariages de notre maison communale. Paul Pauly a re\u00e7u des mains du bourgmestre Luc Frank le dipl\u00f4me d&rsquo;honneur pour sa fonction de bourgmestre de Neu-Moresnet, durant la p\u00e9riode du 8 janvier 1971 au 31 d\u00e9cembre 1976. En outre, il a exerc\u00e9 la [&hellip;]","protected":false},"author":2,"featured_media":9926,"comment_status":"closed","ping_status":"closed","sticky":false,"template":"","format":"standard","meta":{"_acf_changed":false,"footnotes":""},"categories":[71],"tags":[],"class_list":["post-9925","post","type-post","status-publish","format-standard","has-post-thumbnail","hentry","category-depuis-la-maison-communale"],"acf":[],"_links":{"self":[{"href":"https:\/\/www.kelmis.be\/fr\/wp-json\/wp\/v2\/posts\/9925","targetHints":{"allow":["GET"]}}],"collection":[{"href":"https:\/\/www.kelmis.be\/fr\/wp-json\/wp\/v2\/posts"}],"about":[{"href":"https:\/\/www.kelmis.be\/fr\/wp-json\/wp\/v2\/types\/post"}],"author":[{"embeddable":true,"href":"https:\/\/www.kelmis.be\/fr\/wp-json\/wp\/v2\/users\/2"}],"replies":[{"embeddable":true,"href":"https:\/\/www.kelmis.be\/fr\/wp-json\/wp\/v2\/comments?post=9925"}],"version-history":[{"count":1,"href":"https:\/\/www.kelmis.be\/fr\/wp-json\/wp\/v2\/posts\/9925\/revisions"}],"predecessor-version":[{"id":9927,"href":"https:\/\/www.kelmis.be\/fr\/wp-json\/wp\/v2\/posts\/9925\/revisions\/9927"}],"wp:featuredmedia":[{"embeddable":true,"href":"https:\/\/www.kelmis.be\/fr\/wp-json\/wp\/v2\/media\/9926"}],"wp:attachment":[{"href":"https:\/\/www.kelmis.be\/fr\/wp-json\/wp\/v2\/media?parent=9925"}],"wp:term":[{"taxonomy":"category","embeddable":true,"href":"https:\/\/www.kelmis.be\/fr\/wp-json\/wp\/v2\/categories?post=9925"},{"taxonomy":"post_tag","embeddable":true,"href":"https:\/\/www.kelmis.be\/fr\/wp-json\/wp\/v2\/tags?post=9925"}],"curies":[{"name":"wp","href":"https:\/\/api.w.org\/{rel}","templated":true}]}}