{"id":9879,"date":"2022-11-08T13:11:52","date_gmt":"2022-11-08T12:11:52","guid":{"rendered":"https:\/\/www.kelmis.be\/?p=9879"},"modified":"2022-11-08T13:11:52","modified_gmt":"2022-11-08T12:11:52","slug":"inago-propose-un-mini-bus-pour-aller-au-marche-hebdomadaire","status":"publish","type":"post","link":"https:\/\/www.kelmis.be\/fr\/actualite-dans-la-commune\/inago-propose-un-mini-bus-pour-aller-au-marche-hebdomadaire","title":{"rendered":"INAGO propose un mini-bus pour aller au march\u00e9 hebdomadaire"},"content":{"rendered":"<p>En collaboration avec l\u2019Intercommunale INAGO, la commune de La Calamine propose un service de transport tous les jeudis matin vers le march\u00e9 de La Calamine.<\/p>\n<p>\u00c0 partir de 9h00 le minibus circulera \u00e0 Hergenrath et \u00e0 La Calamine pour prendre en charge les personnes \u00e0 mobilit\u00e9 r\u00e9duite qui le souhaitent. Vers 11h30, le bus repartira du march\u00e9. INAGO met \u00e0 disposition le bus et le chauffeur. Le chauffeur b\u00e9n\u00e9vole aide \u00e0 charger et d\u00e9charger les courses. Ce service co\u00fbte 3 \u20ac par personne pour un aller-retour.<\/p>\n<p>Pour des raisons d\u2019organisation, on ne peut prendre en consid\u00e9ration que les demandes qui ont \u00e9t\u00e9 faites le lundi de 9h \u00e0 16h30 au secr\u00e9tariat d\u2019INAGO sous le num\u00e9ro 087\/78 98 90.<\/p>\n","protected":false},"excerpt":{"rendered":"En collaboration avec l\u2019Intercommunale INAGO, la commune de La Calamine propose un service de transport tous les jeudis matin vers le march\u00e9 de La Calamine. \u00c0 partir de 9h00 le minibus circulera \u00e0 Hergenrath et \u00e0 La Calamine pour prendre en charge les personnes \u00e0 mobilit\u00e9 r\u00e9duite qui le souhaitent. Vers 11h30, le bus repartira [&hellip;]","protected":false},"author":2,"featured_media":9880,"comment_status":"closed","ping_status":"closed","sticky":false,"template":"","format":"standard","meta":{"_acf_changed":false,"footnotes":""},"categories":[70],"tags":[],"class_list":["post-9879","post","type-post","status-publish","format-standard","has-post-thumbnail","hentry","category-actualite-dans-la-commune"],"acf":[],"_links":{"self":[{"href":"https:\/\/www.kelmis.be\/fr\/wp-json\/wp\/v2\/posts\/9879","targetHints":{"allow":["GET"]}}],"collection":[{"href":"https:\/\/www.kelmis.be\/fr\/wp-json\/wp\/v2\/posts"}],"about":[{"href":"https:\/\/www.kelmis.be\/fr\/wp-json\/wp\/v2\/types\/post"}],"author":[{"embeddable":true,"href":"https:\/\/www.kelmis.be\/fr\/wp-json\/wp\/v2\/users\/2"}],"replies":[{"embeddable":true,"href":"https:\/\/www.kelmis.be\/fr\/wp-json\/wp\/v2\/comments?post=9879"}],"version-history":[{"count":1,"href":"https:\/\/www.kelmis.be\/fr\/wp-json\/wp\/v2\/posts\/9879\/revisions"}],"predecessor-version":[{"id":9881,"href":"https:\/\/www.kelmis.be\/fr\/wp-json\/wp\/v2\/posts\/9879\/revisions\/9881"}],"wp:featuredmedia":[{"embeddable":true,"href":"https:\/\/www.kelmis.be\/fr\/wp-json\/wp\/v2\/media\/9880"}],"wp:attachment":[{"href":"https:\/\/www.kelmis.be\/fr\/wp-json\/wp\/v2\/media?parent=9879"}],"wp:term":[{"taxonomy":"category","embeddable":true,"href":"https:\/\/www.kelmis.be\/fr\/wp-json\/wp\/v2\/categories?post=9879"},{"taxonomy":"post_tag","embeddable":true,"href":"https:\/\/www.kelmis.be\/fr\/wp-json\/wp\/v2\/tags?post=9879"}],"curies":[{"name":"wp","href":"https:\/\/api.w.org\/{rel}","templated":true}]}}