{"id":9873,"date":"2022-11-08T12:53:23","date_gmt":"2022-11-08T11:53:23","guid":{"rendered":"https:\/\/www.kelmis.be\/?p=9873"},"modified":"2022-11-08T12:53:23","modified_gmt":"2022-11-08T11:53:23","slug":"test-gratuit-des-performances-energetiques-de-votre-habitation","status":"publish","type":"post","link":"https:\/\/www.kelmis.be\/fr\/depuis-la-maison-communale\/test-gratuit-des-performances-energetiques-de-votre-habitation","title":{"rendered":"Test gratuit des performances \u00e9nerg\u00e9tiques de votre habitation"},"content":{"rendered":"<p>Un projet pilote financ\u00e9 par la Communaut\u00e9 germanophone a \u00e9t\u00e9 lanc\u00e9 dans notre commune afin d&rsquo;am\u00e9liorer les performances \u00e9nerg\u00e9tiques des b\u00e2timents anciens. Le bureau d&rsquo;ing\u00e9nieurs Jacquemin &amp; Beims, sp\u00e9cialis\u00e9 dans l&rsquo;efficacit\u00e9 \u00e9nerg\u00e9tique et la construction durable, effectue sur demande des expertises de maisons\/appartements \u00e0 l&rsquo;aide de cam\u00e9ras infrarouges et soumet ensuite des propositions d&rsquo;am\u00e9lioration. Seuls les b\u00e2timents construits avant 2005 sont autoris\u00e9s \u00e0 participer \u00e0 cette action de sensibilisation. Les personnes qui souhaitent faire contr\u00f4ler les d\u00e9perditions d&rsquo;\u00e9nergie dans leurs quatre murs peuvent s&rsquo;adresser \u00e0 notre conseill\u00e8re en \u00e9nergie : samantha.kerckhofs@kelmis.be. Le nombre d&rsquo;expertises \u00e9tant limit\u00e9, il est conseill\u00e9 de s&rsquo;inscrire le plus rapidement possible.<\/p>\n","protected":false},"excerpt":{"rendered":"Un projet pilote financ\u00e9 par la Communaut\u00e9 germanophone a \u00e9t\u00e9 lanc\u00e9 dans notre commune afin d&rsquo;am\u00e9liorer les performances \u00e9nerg\u00e9tiques des b\u00e2timents anciens. Le bureau d&rsquo;ing\u00e9nieurs Jacquemin &amp; Beims, sp\u00e9cialis\u00e9 dans l&rsquo;efficacit\u00e9 \u00e9nerg\u00e9tique et la construction durable, effectue sur demande des expertises de maisons\/appartements \u00e0 l&rsquo;aide de cam\u00e9ras infrarouges et soumet ensuite des propositions d&rsquo;am\u00e9lioration. Seuls [&hellip;]","protected":false},"author":2,"featured_media":9874,"comment_status":"closed","ping_status":"closed","sticky":false,"template":"","format":"standard","meta":{"_acf_changed":false,"footnotes":""},"categories":[71],"tags":[],"class_list":["post-9873","post","type-post","status-publish","format-standard","has-post-thumbnail","hentry","category-depuis-la-maison-communale"],"acf":[],"_links":{"self":[{"href":"https:\/\/www.kelmis.be\/fr\/wp-json\/wp\/v2\/posts\/9873","targetHints":{"allow":["GET"]}}],"collection":[{"href":"https:\/\/www.kelmis.be\/fr\/wp-json\/wp\/v2\/posts"}],"about":[{"href":"https:\/\/www.kelmis.be\/fr\/wp-json\/wp\/v2\/types\/post"}],"author":[{"embeddable":true,"href":"https:\/\/www.kelmis.be\/fr\/wp-json\/wp\/v2\/users\/2"}],"replies":[{"embeddable":true,"href":"https:\/\/www.kelmis.be\/fr\/wp-json\/wp\/v2\/comments?post=9873"}],"version-history":[{"count":1,"href":"https:\/\/www.kelmis.be\/fr\/wp-json\/wp\/v2\/posts\/9873\/revisions"}],"predecessor-version":[{"id":9875,"href":"https:\/\/www.kelmis.be\/fr\/wp-json\/wp\/v2\/posts\/9873\/revisions\/9875"}],"wp:featuredmedia":[{"embeddable":true,"href":"https:\/\/www.kelmis.be\/fr\/wp-json\/wp\/v2\/media\/9874"}],"wp:attachment":[{"href":"https:\/\/www.kelmis.be\/fr\/wp-json\/wp\/v2\/media?parent=9873"}],"wp:term":[{"taxonomy":"category","embeddable":true,"href":"https:\/\/www.kelmis.be\/fr\/wp-json\/wp\/v2\/categories?post=9873"},{"taxonomy":"post_tag","embeddable":true,"href":"https:\/\/www.kelmis.be\/fr\/wp-json\/wp\/v2\/tags?post=9873"}],"curies":[{"name":"wp","href":"https:\/\/api.w.org\/{rel}","templated":true}]}}