{"id":9860,"date":"2022-11-07T13:41:08","date_gmt":"2022-11-07T12:41:08","guid":{"rendered":"https:\/\/www.kelmis.be\/?p=9860"},"modified":"2022-11-07T13:48:40","modified_gmt":"2022-11-07T12:48:40","slug":"corteges-de-la-saint-martin-le-12-et-13-novembre","status":"publish","type":"post","link":"https:\/\/www.kelmis.be\/fr\/evenement\/corteges-de-la-saint-martin-le-12-et-13-novembre","title":{"rendered":"Cort\u00e8ges de la Saint-Martin les 12 et 13 novembre"},"content":{"rendered":"<p>Comme le veut la tradition, deux cort\u00e8ges de la Saint-Martin auront lieu dans notre commune les 12 et 13 novembre. Le coup d&rsquo;envoi sera donn\u00e9 le 12 novembre \u00e0 Hergenrath. Le cort\u00e8ge de la Saint-Martin de Hergenrath commencera \u00e0 18 heures \u00e0 l&rsquo;\u00e9glise Saint-Martin. Auparavant (\u00e0 partir de 17h30), une liturgie de la parole sera c\u00e9l\u00e9br\u00e9e. Le cort\u00e8ge de la Saint-Martin passera par la rue d\u2019Aix-la-Chapelle, la rue Bertholf, Panneschopp, Knippstra\u00dfe et la rue de la Gare. L&rsquo;arriv\u00e9e se fera \u00e0 19 heures au Winkelweg, o\u00f9 le manteau sera partag\u00e9 et o\u00f9 les enfants recevront traditionnellement des bretzels. Le feu de la Saint-Martin ne doit bien s\u00fbr pas manquer.<\/p>\n<p>Le dimanche 13 novembre aura lieu le d\u00e9fil\u00e9 de la Saint-Martin de La Calamine. Comme l&rsquo;ann\u00e9e derni\u00e8re, il est \u00e0 nouveau plac\u00e9 sous le signe de la solidarit\u00e9. Les enfants sont invit\u00e9s \u00e0 faire don d&rsquo;un manteau qu&rsquo;ils ne portent plus \u00e0 des personnes dans le besoin. Les b\u00e9n\u00e9ficiaires sont des associations caritatives. Le d\u00e9fil\u00e9 de la Saint-Martin d\u00e9butera \u00e0 17h30 avec le traditionnel spectacle de la Saint-Martin \u00e0 l&rsquo;\u00e9glise paroissiale Notre-Dame de l&rsquo;Assomption. Les enfants peuvent y d\u00e9poser leurs manteaux. Ensuite, \u00e0 partir de 18 heures, aura lieu le cort\u00e8ge aux lampions. \u00c0 19 heures, Saint-Martin est attendu sur la place Coul, o\u00f9 un grand feu est pr\u00e9vu. Si le temps le permet, des jongleurs de feu se produiront \u00e9galement. Les enfants auront \u00e0 nouveau l&rsquo;occasion de faire don de leurs manteaux.<\/p>\n","protected":false},"excerpt":{"rendered":"Comme le veut la tradition, deux cort\u00e8ges de la Saint-Martin auront lieu dans notre commune les 12 et 13 novembre. Le coup d&rsquo;envoi sera donn\u00e9 le 12 novembre \u00e0 Hergenrath. Le cort\u00e8ge de la Saint-Martin de Hergenrath commencera \u00e0 18 heures \u00e0 l&rsquo;\u00e9glise Saint-Martin. Auparavant (\u00e0 partir de 17h30), une liturgie de la parole sera [&hellip;]","protected":false},"author":2,"featured_media":9861,"comment_status":"closed","ping_status":"closed","sticky":false,"template":"","format":"standard","meta":{"_acf_changed":false,"footnotes":""},"categories":[73],"tags":[],"class_list":["post-9860","post","type-post","status-publish","format-standard","has-post-thumbnail","hentry","category-evenement"],"acf":[],"_links":{"self":[{"href":"https:\/\/www.kelmis.be\/fr\/wp-json\/wp\/v2\/posts\/9860","targetHints":{"allow":["GET"]}}],"collection":[{"href":"https:\/\/www.kelmis.be\/fr\/wp-json\/wp\/v2\/posts"}],"about":[{"href":"https:\/\/www.kelmis.be\/fr\/wp-json\/wp\/v2\/types\/post"}],"author":[{"embeddable":true,"href":"https:\/\/www.kelmis.be\/fr\/wp-json\/wp\/v2\/users\/2"}],"replies":[{"embeddable":true,"href":"https:\/\/www.kelmis.be\/fr\/wp-json\/wp\/v2\/comments?post=9860"}],"version-history":[{"count":4,"href":"https:\/\/www.kelmis.be\/fr\/wp-json\/wp\/v2\/posts\/9860\/revisions"}],"predecessor-version":[{"id":9865,"href":"https:\/\/www.kelmis.be\/fr\/wp-json\/wp\/v2\/posts\/9860\/revisions\/9865"}],"wp:featuredmedia":[{"embeddable":true,"href":"https:\/\/www.kelmis.be\/fr\/wp-json\/wp\/v2\/media\/9861"}],"wp:attachment":[{"href":"https:\/\/www.kelmis.be\/fr\/wp-json\/wp\/v2\/media?parent=9860"}],"wp:term":[{"taxonomy":"category","embeddable":true,"href":"https:\/\/www.kelmis.be\/fr\/wp-json\/wp\/v2\/categories?post=9860"},{"taxonomy":"post_tag","embeddable":true,"href":"https:\/\/www.kelmis.be\/fr\/wp-json\/wp\/v2\/tags?post=9860"}],"curies":[{"name":"wp","href":"https:\/\/api.w.org\/{rel}","templated":true}]}}