{"id":9789,"date":"2022-10-18T12:47:22","date_gmt":"2022-10-18T10:47:22","guid":{"rendered":"https:\/\/www.kelmis.be\/?p=9789"},"modified":"2022-10-18T16:51:59","modified_gmt":"2022-10-18T14:51:59","slug":"leclairage-public-eteint-de-23-heures-a-5-heures-des-le-1er-novembre","status":"publish","type":"post","link":"https:\/\/www.kelmis.be\/fr\/depuis-la-maison-communale\/leclairage-public-eteint-de-23-heures-a-5-heures-des-le-1er-novembre","title":{"rendered":"l&rsquo;\u00e9clairage public \u00e9teint de 23 heures \u00e0 5 heures d\u00e8s le 1er novembre"},"content":{"rendered":"<p>Dans notre commune, l&rsquo;\u00e9clairage public sera \u00e9teint de 23 heures \u00e0 5 heures du matin \u00e0 partir du mardi 1er novembre. En accord avec le gestionnaire de r\u00e9seau ORES, cette mesure s&rsquo;applique dans un premier temps jusqu&rsquo;\u00e0 fin mars 2023. Cette mesure est motiv\u00e9e par les co\u00fbts \u00e9lev\u00e9s de l&rsquo;\u00e9nergie. Selon les estimations, notre commune \u00e9conomisera pr\u00e8s de 90.000 kWh durant cette p\u00e9riode.<\/p>\n","protected":false},"excerpt":{"rendered":"Dans notre commune, l&rsquo;\u00e9clairage public sera \u00e9teint de 23 heures \u00e0 5 heures du matin \u00e0 partir du mardi 1er novembre. En accord avec le gestionnaire de r\u00e9seau ORES, cette mesure s&rsquo;applique dans un premier temps jusqu&rsquo;\u00e0 fin mars 2023. Cette mesure est motiv\u00e9e par les co\u00fbts \u00e9lev\u00e9s de l&rsquo;\u00e9nergie. Selon les estimations, notre commune [&hellip;]","protected":false},"author":2,"featured_media":9790,"comment_status":"closed","ping_status":"closed","sticky":false,"template":"","format":"standard","meta":{"_acf_changed":false,"footnotes":""},"categories":[71],"tags":[],"class_list":["post-9789","post","type-post","status-publish","format-standard","has-post-thumbnail","hentry","category-depuis-la-maison-communale"],"acf":[],"_links":{"self":[{"href":"https:\/\/www.kelmis.be\/fr\/wp-json\/wp\/v2\/posts\/9789","targetHints":{"allow":["GET"]}}],"collection":[{"href":"https:\/\/www.kelmis.be\/fr\/wp-json\/wp\/v2\/posts"}],"about":[{"href":"https:\/\/www.kelmis.be\/fr\/wp-json\/wp\/v2\/types\/post"}],"author":[{"embeddable":true,"href":"https:\/\/www.kelmis.be\/fr\/wp-json\/wp\/v2\/users\/2"}],"replies":[{"embeddable":true,"href":"https:\/\/www.kelmis.be\/fr\/wp-json\/wp\/v2\/comments?post=9789"}],"version-history":[{"count":2,"href":"https:\/\/www.kelmis.be\/fr\/wp-json\/wp\/v2\/posts\/9789\/revisions"}],"predecessor-version":[{"id":9803,"href":"https:\/\/www.kelmis.be\/fr\/wp-json\/wp\/v2\/posts\/9789\/revisions\/9803"}],"wp:featuredmedia":[{"embeddable":true,"href":"https:\/\/www.kelmis.be\/fr\/wp-json\/wp\/v2\/media\/9790"}],"wp:attachment":[{"href":"https:\/\/www.kelmis.be\/fr\/wp-json\/wp\/v2\/media?parent=9789"}],"wp:term":[{"taxonomy":"category","embeddable":true,"href":"https:\/\/www.kelmis.be\/fr\/wp-json\/wp\/v2\/categories?post=9789"},{"taxonomy":"post_tag","embeddable":true,"href":"https:\/\/www.kelmis.be\/fr\/wp-json\/wp\/v2\/tags?post=9789"}],"curies":[{"name":"wp","href":"https:\/\/api.w.org\/{rel}","templated":true}]}}