{"id":9759,"date":"2022-10-12T13:50:37","date_gmt":"2022-10-12T11:50:37","guid":{"rendered":"https:\/\/www.kelmis.be\/?p=9759"},"modified":"2022-10-12T13:50:37","modified_gmt":"2022-10-12T11:50:37","slug":"reunion-de-la-cile-reportee-en-decembre","status":"publish","type":"post","link":"https:\/\/www.kelmis.be\/fr\/depuis-la-maison-communale\/reunion-de-la-cile-reportee-en-decembre","title":{"rendered":"R\u00e9union de la CILE report\u00e9e en d\u00e9cembre"},"content":{"rendered":"<p><span style=\"font-family: Arial, sans-serif;\"><span style=\"font-size: medium;\"><span style=\"color: #181748;\">La <\/span><span style=\"color: #181748;\">r\u00e9union publique du conseil d\u2019administration de la CILE, compagnie intercommunale li\u00e9geoise des Eaux, a <\/span><span style=\"color: #181748;\">\u00e9t\u00e9 report\u00e9e du <\/span><span style=\"color: #181748;\">11 octobre <\/span><span style=\"color: #181748;\">au mardi, 18 d\u00e9cembre, <\/span><span style=\"color: #181748;\">\u00e0 <\/span><span style=\"color: #181748;\">18 heures. La r\u00e9union se tiendra \u00e0 la s<\/span><span style=\"color: #181748;\">tation de traitement des Eaux, rue de la L\u00e9gia 60 <\/span><span style=\"color: #181748;\">\u00e0 Ans<\/span><span style=\"color: #181748;\">. Les personnes qui souhaitent y participer peuvent s\u2019inscrire jusqu\u2019au <\/span><span style=\"color: #181748;\">13 d\u00e9cembre <\/span><span style=\"color: #181748;\">sur secretariat.instances@cile.be ou par t\u00e9l\u00e9phone au 04\/367 84 11.<\/span> <\/span><\/span><\/p>\n","protected":false},"excerpt":{"rendered":"La r\u00e9union publique du conseil d\u2019administration de la CILE, compagnie intercommunale li\u00e9geoise des Eaux, a \u00e9t\u00e9 report\u00e9e du 11 octobre au mardi, 18 d\u00e9cembre, \u00e0 18 heures. La r\u00e9union se tiendra \u00e0 la station de traitement des Eaux, rue de la L\u00e9gia 60 \u00e0 Ans. Les personnes qui souhaitent y participer peuvent s\u2019inscrire jusqu\u2019au 13 [&hellip;]","protected":false},"author":2,"featured_media":9560,"comment_status":"closed","ping_status":"closed","sticky":false,"template":"","format":"standard","meta":{"_acf_changed":false,"footnotes":""},"categories":[71],"tags":[],"class_list":["post-9759","post","type-post","status-publish","format-standard","has-post-thumbnail","hentry","category-depuis-la-maison-communale"],"acf":[],"_links":{"self":[{"href":"https:\/\/www.kelmis.be\/fr\/wp-json\/wp\/v2\/posts\/9759","targetHints":{"allow":["GET"]}}],"collection":[{"href":"https:\/\/www.kelmis.be\/fr\/wp-json\/wp\/v2\/posts"}],"about":[{"href":"https:\/\/www.kelmis.be\/fr\/wp-json\/wp\/v2\/types\/post"}],"author":[{"embeddable":true,"href":"https:\/\/www.kelmis.be\/fr\/wp-json\/wp\/v2\/users\/2"}],"replies":[{"embeddable":true,"href":"https:\/\/www.kelmis.be\/fr\/wp-json\/wp\/v2\/comments?post=9759"}],"version-history":[{"count":1,"href":"https:\/\/www.kelmis.be\/fr\/wp-json\/wp\/v2\/posts\/9759\/revisions"}],"predecessor-version":[{"id":9760,"href":"https:\/\/www.kelmis.be\/fr\/wp-json\/wp\/v2\/posts\/9759\/revisions\/9760"}],"wp:featuredmedia":[{"embeddable":true,"href":"https:\/\/www.kelmis.be\/fr\/wp-json\/wp\/v2\/media\/9560"}],"wp:attachment":[{"href":"https:\/\/www.kelmis.be\/fr\/wp-json\/wp\/v2\/media?parent=9759"}],"wp:term":[{"taxonomy":"category","embeddable":true,"href":"https:\/\/www.kelmis.be\/fr\/wp-json\/wp\/v2\/categories?post=9759"},{"taxonomy":"post_tag","embeddable":true,"href":"https:\/\/www.kelmis.be\/fr\/wp-json\/wp\/v2\/tags?post=9759"}],"curies":[{"name":"wp","href":"https:\/\/api.w.org\/{rel}","templated":true}]}}