{"id":9548,"date":"2022-09-20T11:45:40","date_gmt":"2022-09-20T09:45:40","guid":{"rendered":"https:\/\/www.kelmis.be\/?p=9548"},"modified":"2022-09-20T11:45:40","modified_gmt":"2022-09-20T09:45:40","slug":"les-trottoirs-sont-abaisses-et-adaptes-aux-personnes-a-mobilite-reduite","status":"publish","type":"post","link":"https:\/\/www.kelmis.be\/fr\/actualite-dans-la-commune\/les-trottoirs-sont-abaisses-et-adaptes-aux-personnes-a-mobilite-reduite","title":{"rendered":"Les trottoirs sont abaiss\u00e9s et adapt\u00e9s aux personnes \u00e0 mobilit\u00e9 r\u00e9duite"},"content":{"rendered":"<p>Dans notre commune, nous poursuivons actuellement la mise en \u0153uvre du cadastre des trottoirs. Nos collaborateurs sont actuellement \u00e0 l&rsquo;\u0153uvre dans le secteur Heygraben\/rue de la Poste en amont afin d&rsquo;abaisser les passages \u00e0 niveau et de les rendre accessibles aux personnes \u00e0 mobilit\u00e9 r\u00e9duite. Les travaux avaient \u00e9t\u00e9 discut\u00e9s au pr\u00e9alable par Henri Reul (conseil des personnes \u00e0 mobilit\u00e9 r\u00e9duite), Ronny Meessen (brigadier de voirie) et Fr\u00e9deric Herzet, chef du commissariat de police de La Calamine, avec l&rsquo;\u00e9chevin Bj\u00f6rn Klinkenberg. \u00ab Avec ces mesures, nous am\u00e9liorons non seulement la s\u00e9curit\u00e9 routi\u00e8re pour les \u00e9coliers et \u00e9coli\u00e8res et les personnes \u00e0 mobilit\u00e9 r\u00e9duite, mais nous faisons \u00e9galement de notre commune une commune qui attache de l\u2018importnace aux familles et aux personnes \u00e0 poussettes \u00bb, explique notre \u00e9chevin Bj\u00f6rn Klinkenberg.<\/p>\n","protected":false},"excerpt":{"rendered":"Dans notre commune, nous poursuivons actuellement la mise en \u0153uvre du cadastre des trottoirs. Nos collaborateurs sont actuellement \u00e0 l&rsquo;\u0153uvre dans le secteur Heygraben\/rue de la Poste en amont afin d&rsquo;abaisser les passages \u00e0 niveau et de les rendre accessibles aux personnes \u00e0 mobilit\u00e9 r\u00e9duite. Les travaux avaient \u00e9t\u00e9 discut\u00e9s au pr\u00e9alable par Henri Reul [&hellip;]","protected":false},"author":2,"featured_media":9549,"comment_status":"closed","ping_status":"closed","sticky":false,"template":"","format":"standard","meta":{"_acf_changed":false,"footnotes":""},"categories":[70],"tags":[],"class_list":["post-9548","post","type-post","status-publish","format-standard","has-post-thumbnail","hentry","category-actualite-dans-la-commune"],"acf":[],"_links":{"self":[{"href":"https:\/\/www.kelmis.be\/fr\/wp-json\/wp\/v2\/posts\/9548","targetHints":{"allow":["GET"]}}],"collection":[{"href":"https:\/\/www.kelmis.be\/fr\/wp-json\/wp\/v2\/posts"}],"about":[{"href":"https:\/\/www.kelmis.be\/fr\/wp-json\/wp\/v2\/types\/post"}],"author":[{"embeddable":true,"href":"https:\/\/www.kelmis.be\/fr\/wp-json\/wp\/v2\/users\/2"}],"replies":[{"embeddable":true,"href":"https:\/\/www.kelmis.be\/fr\/wp-json\/wp\/v2\/comments?post=9548"}],"version-history":[{"count":1,"href":"https:\/\/www.kelmis.be\/fr\/wp-json\/wp\/v2\/posts\/9548\/revisions"}],"predecessor-version":[{"id":9550,"href":"https:\/\/www.kelmis.be\/fr\/wp-json\/wp\/v2\/posts\/9548\/revisions\/9550"}],"wp:featuredmedia":[{"embeddable":true,"href":"https:\/\/www.kelmis.be\/fr\/wp-json\/wp\/v2\/media\/9549"}],"wp:attachment":[{"href":"https:\/\/www.kelmis.be\/fr\/wp-json\/wp\/v2\/media?parent=9548"}],"wp:term":[{"taxonomy":"category","embeddable":true,"href":"https:\/\/www.kelmis.be\/fr\/wp-json\/wp\/v2\/categories?post=9548"},{"taxonomy":"post_tag","embeddable":true,"href":"https:\/\/www.kelmis.be\/fr\/wp-json\/wp\/v2\/tags?post=9548"}],"curies":[{"name":"wp","href":"https:\/\/api.w.org\/{rel}","templated":true}]}}