{"id":9537,"date":"2022-09-19T17:19:46","date_gmt":"2022-09-19T15:19:46","guid":{"rendered":"https:\/\/www.kelmis.be\/?p=9537"},"modified":"2022-09-19T17:20:13","modified_gmt":"2022-09-19T15:20:13","slug":"seance-du-conseil-communal-ce-soir-retransmission-en-direct","status":"publish","type":"post","link":"https:\/\/www.kelmis.be\/fr\/depuis-la-maison-communale\/seance-du-conseil-communal-ce-soir-retransmission-en-direct","title":{"rendered":"S\u00e9ance du conseil communal ce soir &#8211; Retransmission en direct"},"content":{"rendered":"<p>Notre conseil communal se r\u00e9unit ce soir \u00e0 20 heures. Seize points sont inscrits \u00e0 l&rsquo;ordre du jour. La s\u00e9ance sera retransmise en direct sur <strong><a href=\"https:\/\/youtu.be\/9G8w9rd1raU\">notre cha\u00eene YouTube<\/a>.<\/strong><\/p>\n","protected":false},"excerpt":{"rendered":"Notre conseil communal se r\u00e9unit ce soir \u00e0 20 heures. Seize points sont inscrits \u00e0 l&rsquo;ordre du jour. La s\u00e9ance sera retransmise en direct sur notre cha\u00eene YouTube.","protected":false},"author":2,"featured_media":9539,"comment_status":"closed","ping_status":"closed","sticky":false,"template":"","format":"standard","meta":{"_acf_changed":false,"footnotes":""},"categories":[71],"tags":[],"class_list":["post-9537","post","type-post","status-publish","format-standard","has-post-thumbnail","hentry","category-depuis-la-maison-communale"],"acf":[],"_links":{"self":[{"href":"https:\/\/www.kelmis.be\/fr\/wp-json\/wp\/v2\/posts\/9537","targetHints":{"allow":["GET"]}}],"collection":[{"href":"https:\/\/www.kelmis.be\/fr\/wp-json\/wp\/v2\/posts"}],"about":[{"href":"https:\/\/www.kelmis.be\/fr\/wp-json\/wp\/v2\/types\/post"}],"author":[{"embeddable":true,"href":"https:\/\/www.kelmis.be\/fr\/wp-json\/wp\/v2\/users\/2"}],"replies":[{"embeddable":true,"href":"https:\/\/www.kelmis.be\/fr\/wp-json\/wp\/v2\/comments?post=9537"}],"version-history":[{"count":1,"href":"https:\/\/www.kelmis.be\/fr\/wp-json\/wp\/v2\/posts\/9537\/revisions"}],"predecessor-version":[{"id":9540,"href":"https:\/\/www.kelmis.be\/fr\/wp-json\/wp\/v2\/posts\/9537\/revisions\/9540"}],"wp:featuredmedia":[{"embeddable":true,"href":"https:\/\/www.kelmis.be\/fr\/wp-json\/wp\/v2\/media\/9539"}],"wp:attachment":[{"href":"https:\/\/www.kelmis.be\/fr\/wp-json\/wp\/v2\/media?parent=9537"}],"wp:term":[{"taxonomy":"category","embeddable":true,"href":"https:\/\/www.kelmis.be\/fr\/wp-json\/wp\/v2\/categories?post=9537"},{"taxonomy":"post_tag","embeddable":true,"href":"https:\/\/www.kelmis.be\/fr\/wp-json\/wp\/v2\/tags?post=9537"}],"curies":[{"name":"wp","href":"https:\/\/api.w.org\/{rel}","templated":true}]}}