{"id":9479,"date":"2022-09-12T20:35:31","date_gmt":"2022-09-12T18:35:31","guid":{"rendered":"https:\/\/www.kelmis.be\/?p=9479"},"modified":"2022-09-12T20:35:31","modified_gmt":"2022-09-12T18:35:31","slug":"piscine-communale-provisoirement-fermee-pour-travaux-de-reparation-au-systeme-de-filtration","status":"publish","type":"post","link":"https:\/\/www.kelmis.be\/fr\/actualite-dans-la-commune\/piscine-communale-provisoirement-fermee-pour-travaux-de-reparation-au-systeme-de-filtration","title":{"rendered":"Piscine communale provisoirement ferm\u00e9e pour travaux de r\u00e9paration au syst\u00e8me de filtration"},"content":{"rendered":"<p>Suite \u00e0 une panne technique dans le syst\u00e8me de filtration, notre piscine communale sera temporairement ferm\u00e9e mardi matin, le temps des travaux de r\u00e9paration. Nous vous tiendrons au courant.<\/p>\n","protected":false},"excerpt":{"rendered":"Suite \u00e0 une panne technique dans le syst\u00e8me de filtration, notre piscine communale sera temporairement ferm\u00e9e mardi matin, le temps des travaux de r\u00e9paration. Nous vous tiendrons au courant.","protected":false},"author":2,"featured_media":9480,"comment_status":"closed","ping_status":"closed","sticky":false,"template":"","format":"standard","meta":{"_acf_changed":false,"footnotes":""},"categories":[70],"tags":[],"class_list":["post-9479","post","type-post","status-publish","format-standard","has-post-thumbnail","hentry","category-actualite-dans-la-commune"],"acf":[],"_links":{"self":[{"href":"https:\/\/www.kelmis.be\/fr\/wp-json\/wp\/v2\/posts\/9479","targetHints":{"allow":["GET"]}}],"collection":[{"href":"https:\/\/www.kelmis.be\/fr\/wp-json\/wp\/v2\/posts"}],"about":[{"href":"https:\/\/www.kelmis.be\/fr\/wp-json\/wp\/v2\/types\/post"}],"author":[{"embeddable":true,"href":"https:\/\/www.kelmis.be\/fr\/wp-json\/wp\/v2\/users\/2"}],"replies":[{"embeddable":true,"href":"https:\/\/www.kelmis.be\/fr\/wp-json\/wp\/v2\/comments?post=9479"}],"version-history":[{"count":1,"href":"https:\/\/www.kelmis.be\/fr\/wp-json\/wp\/v2\/posts\/9479\/revisions"}],"predecessor-version":[{"id":9481,"href":"https:\/\/www.kelmis.be\/fr\/wp-json\/wp\/v2\/posts\/9479\/revisions\/9481"}],"wp:featuredmedia":[{"embeddable":true,"href":"https:\/\/www.kelmis.be\/fr\/wp-json\/wp\/v2\/media\/9480"}],"wp:attachment":[{"href":"https:\/\/www.kelmis.be\/fr\/wp-json\/wp\/v2\/media?parent=9479"}],"wp:term":[{"taxonomy":"category","embeddable":true,"href":"https:\/\/www.kelmis.be\/fr\/wp-json\/wp\/v2\/categories?post=9479"},{"taxonomy":"post_tag","embeddable":true,"href":"https:\/\/www.kelmis.be\/fr\/wp-json\/wp\/v2\/tags?post=9479"}],"curies":[{"name":"wp","href":"https:\/\/api.w.org\/{rel}","templated":true}]}}