{"id":9445,"date":"2022-09-07T11:04:44","date_gmt":"2022-09-07T09:04:44","guid":{"rendered":"https:\/\/www.kelmis.be\/?p=9445"},"modified":"2022-09-07T11:06:00","modified_gmt":"2022-09-07T09:06:00","slug":"enquete-publique-concernant-paris-2022-2027","status":"publish","type":"post","link":"https:\/\/www.kelmis.be\/fr\/depuis-la-maison-communale\/enquete-publique-concernant-paris-2022-2027","title":{"rendered":"Enqu\u00eate publique concernant PARIS 2022-2027"},"content":{"rendered":"<p>Le Coll\u00e8ge Communal informe la population que les projets de Programme d\u2019Actions sur les Rivi\u00e8res par une approche Int\u00e9gr\u00e9e et Sectoris\u00e9e (PARIS) 2022-2027, \u00e9labor\u00e9s par les gestionnaires de cours d\u2019eau conform\u00e9ment aux articles D.33\/3 \u00e0 D.33\/6 du Code de l\u2019Eau, sont soumis, \u00e0 la demande du Gouvernement wallon, \u00e0 enqu\u00eate publique sur l\u2019entit\u00e9.<\/p>\n<p>Le dossier d\u00e9mat\u00e9rialis\u00e9 peut \u00eatre consult\u00e9 sur rendez-vous \u00e0 partir de la date d\u2019ouverture (15 septembre) jusqu\u2019\u00e0 la date de cl\u00f4ture (31 octobre) de l\u2019enqu\u00eate, chaque jour ouvrable pendant les heures de service, et, moyennant prise de rendez-vous le jeudi jusqu\u2019\u00e0 20 heures aupr\u00e8s du service environnement de la commune.<\/p>\n<p>Le dossier est \u00e9galement consultable sur le <strong><a href=\"https:\/\/enquetepublique-paris.wallonie.be\">site internet SPW<\/a><\/strong>.<\/p>\n","protected":false},"excerpt":{"rendered":"Le Coll\u00e8ge Communal informe la population que les projets de Programme d\u2019Actions sur les Rivi\u00e8res par une approche Int\u00e9gr\u00e9e et Sectoris\u00e9e (PARIS) 2022-2027, \u00e9labor\u00e9s par les gestionnaires de cours d\u2019eau conform\u00e9ment aux articles D.33\/3 \u00e0 D.33\/6 du Code de l\u2019Eau, sont soumis, \u00e0 la demande du Gouvernement wallon, \u00e0 enqu\u00eate publique sur l\u2019entit\u00e9. Le dossier [&hellip;]","protected":false},"author":2,"featured_media":8894,"comment_status":"closed","ping_status":"closed","sticky":false,"template":"","format":"standard","meta":{"_acf_changed":false,"footnotes":""},"categories":[71],"tags":[],"class_list":["post-9445","post","type-post","status-publish","format-standard","has-post-thumbnail","hentry","category-depuis-la-maison-communale"],"acf":[],"_links":{"self":[{"href":"https:\/\/www.kelmis.be\/fr\/wp-json\/wp\/v2\/posts\/9445","targetHints":{"allow":["GET"]}}],"collection":[{"href":"https:\/\/www.kelmis.be\/fr\/wp-json\/wp\/v2\/posts"}],"about":[{"href":"https:\/\/www.kelmis.be\/fr\/wp-json\/wp\/v2\/types\/post"}],"author":[{"embeddable":true,"href":"https:\/\/www.kelmis.be\/fr\/wp-json\/wp\/v2\/users\/2"}],"replies":[{"embeddable":true,"href":"https:\/\/www.kelmis.be\/fr\/wp-json\/wp\/v2\/comments?post=9445"}],"version-history":[{"count":1,"href":"https:\/\/www.kelmis.be\/fr\/wp-json\/wp\/v2\/posts\/9445\/revisions"}],"predecessor-version":[{"id":9446,"href":"https:\/\/www.kelmis.be\/fr\/wp-json\/wp\/v2\/posts\/9445\/revisions\/9446"}],"wp:featuredmedia":[{"embeddable":true,"href":"https:\/\/www.kelmis.be\/fr\/wp-json\/wp\/v2\/media\/8894"}],"wp:attachment":[{"href":"https:\/\/www.kelmis.be\/fr\/wp-json\/wp\/v2\/media?parent=9445"}],"wp:term":[{"taxonomy":"category","embeddable":true,"href":"https:\/\/www.kelmis.be\/fr\/wp-json\/wp\/v2\/categories?post=9445"},{"taxonomy":"post_tag","embeddable":true,"href":"https:\/\/www.kelmis.be\/fr\/wp-json\/wp\/v2\/tags?post=9445"}],"curies":[{"name":"wp","href":"https:\/\/api.w.org\/{rel}","templated":true}]}}