{"id":9409,"date":"2022-09-05T12:16:57","date_gmt":"2022-09-05T10:16:57","guid":{"rendered":"https:\/\/www.kelmis.be\/?p=9409"},"modified":"2022-09-05T12:16:57","modified_gmt":"2022-09-05T10:16:57","slug":"guenther-havenith-sensibilise-les-eleves-de-lacf-a-leau","status":"publish","type":"post","link":"https:\/\/www.kelmis.be\/fr\/actualite-dans-la-commune\/guenther-havenith-sensibilise-les-eleves-de-lacf-a-leau","title":{"rendered":"G\u00fcnther Havenith sensibilise les \u00e9l\u00e8ves de l&rsquo;ACF \u00e0 l&rsquo;eau"},"content":{"rendered":"<p>Lundi matin, notre conseiller en environnement G\u00fcnther Havenith a donn\u00e9 une pr\u00e9sentation int\u00e9ressante de plusieurs heures sur le th\u00e8me de l&rsquo;eau potable et de l&rsquo;eau en g\u00e9n\u00e9ral \u00e0 des \u00e9l\u00e8ves de l\u2018ath\u00e9n\u00e9e C\u00e9sar Franck (ACF). Cet expos\u00e9 a eu lieu dans le cadre des journ\u00e9es m\u00e9thodologiques de l\u2018ACF.<\/p>\n<p>Le matin, G\u00fcnther a encadr\u00e9 la classe de quatri\u00e8me secondaire de Sandrine Bindels. Cet apr\u00e8s-midi et demain matin, deux autres classes seront accueillies. G\u00fcnther a expliqu\u00e9 aux \u00e9l\u00e8ves, \u00e0 l&rsquo;aide d&rsquo;exemples concrets, tout ce qu&rsquo;il faut savoir sur l&rsquo;eau. Dans le cadre de l&rsquo;expos\u00e9, G\u00fcnther a conduit les \u00e9l\u00e8ves \u00e0 l&rsquo;\u00e9tang du Casino, au barrage qui s&rsquo;y trouve, \u00e0 la station de pompage \u00ab Drie Piepe \u00bb au T\u00fcljebach et \u00e0 la station de traitement Putzenwinkel \u00e0 Hergenrath.<\/p>\n","protected":false},"excerpt":{"rendered":"Lundi matin, notre conseiller en environnement G\u00fcnther Havenith a donn\u00e9 une pr\u00e9sentation int\u00e9ressante de plusieurs heures sur le th\u00e8me de l&rsquo;eau potable et de l&rsquo;eau en g\u00e9n\u00e9ral \u00e0 des \u00e9l\u00e8ves de l\u2018ath\u00e9n\u00e9e C\u00e9sar Franck (ACF). Cet expos\u00e9 a eu lieu dans le cadre des journ\u00e9es m\u00e9thodologiques de l\u2018ACF. Le matin, G\u00fcnther a encadr\u00e9 la classe [&hellip;]","protected":false},"author":2,"featured_media":9410,"comment_status":"closed","ping_status":"closed","sticky":false,"template":"","format":"standard","meta":{"_acf_changed":false,"footnotes":""},"categories":[70],"tags":[],"class_list":["post-9409","post","type-post","status-publish","format-standard","has-post-thumbnail","hentry","category-actualite-dans-la-commune"],"acf":[],"_links":{"self":[{"href":"https:\/\/www.kelmis.be\/fr\/wp-json\/wp\/v2\/posts\/9409","targetHints":{"allow":["GET"]}}],"collection":[{"href":"https:\/\/www.kelmis.be\/fr\/wp-json\/wp\/v2\/posts"}],"about":[{"href":"https:\/\/www.kelmis.be\/fr\/wp-json\/wp\/v2\/types\/post"}],"author":[{"embeddable":true,"href":"https:\/\/www.kelmis.be\/fr\/wp-json\/wp\/v2\/users\/2"}],"replies":[{"embeddable":true,"href":"https:\/\/www.kelmis.be\/fr\/wp-json\/wp\/v2\/comments?post=9409"}],"version-history":[{"count":1,"href":"https:\/\/www.kelmis.be\/fr\/wp-json\/wp\/v2\/posts\/9409\/revisions"}],"predecessor-version":[{"id":9418,"href":"https:\/\/www.kelmis.be\/fr\/wp-json\/wp\/v2\/posts\/9409\/revisions\/9418"}],"wp:featuredmedia":[{"embeddable":true,"href":"https:\/\/www.kelmis.be\/fr\/wp-json\/wp\/v2\/media\/9410"}],"wp:attachment":[{"href":"https:\/\/www.kelmis.be\/fr\/wp-json\/wp\/v2\/media?parent=9409"}],"wp:term":[{"taxonomy":"category","embeddable":true,"href":"https:\/\/www.kelmis.be\/fr\/wp-json\/wp\/v2\/categories?post=9409"},{"taxonomy":"post_tag","embeddable":true,"href":"https:\/\/www.kelmis.be\/fr\/wp-json\/wp\/v2\/tags?post=9409"}],"curies":[{"name":"wp","href":"https:\/\/api.w.org\/{rel}","templated":true}]}}