{"id":9276,"date":"2022-08-30T13:37:36","date_gmt":"2022-08-30T11:37:36","guid":{"rendered":"https:\/\/www.kelmis.be\/?p=9276"},"modified":"2022-08-30T13:37:36","modified_gmt":"2022-08-30T11:37:36","slug":"passage-de-temoins-chez-nos-pompiers-joel-ervens-nouveau-responsable-de-poste","status":"publish","type":"post","link":"https:\/\/www.kelmis.be\/fr\/actualite-dans-la-commune\/passage-de-temoins-chez-nos-pompiers-joel-ervens-nouveau-responsable-de-poste","title":{"rendered":"Passage de t\u00e9moins chez nos pompiers : Joel Ervens nouveau responsable de poste"},"content":{"rendered":"<p>Dimanche dernier, un passage de t\u00e9moin a eu lieu chez les pompiers de La Calamine : Dans le cadre de la journ\u00e9e portes ouvertes, Joel Ervens est devenu le nouveau responsable de poste. Son pr\u00e9d\u00e9cesseur Eric Boniver passe \u00e0 la zone de secours DG. Boniver a \u00e9t\u00e9 chef de nos pompiers pendant quatre ans.<\/p>\n","protected":false},"excerpt":{"rendered":"Dimanche dernier, un passage de t\u00e9moin a eu lieu chez les pompiers de La Calamine : Dans le cadre de la journ\u00e9e portes ouvertes, Joel Ervens est devenu le nouveau responsable de poste. Son pr\u00e9d\u00e9cesseur Eric Boniver passe \u00e0 la zone de secours DG. Boniver a \u00e9t\u00e9 chef de nos pompiers pendant quatre ans.","protected":false},"author":2,"featured_media":9277,"comment_status":"closed","ping_status":"closed","sticky":false,"template":"","format":"standard","meta":{"_acf_changed":false,"footnotes":""},"categories":[70],"tags":[],"class_list":["post-9276","post","type-post","status-publish","format-standard","has-post-thumbnail","hentry","category-actualite-dans-la-commune"],"acf":[],"_links":{"self":[{"href":"https:\/\/www.kelmis.be\/fr\/wp-json\/wp\/v2\/posts\/9276","targetHints":{"allow":["GET"]}}],"collection":[{"href":"https:\/\/www.kelmis.be\/fr\/wp-json\/wp\/v2\/posts"}],"about":[{"href":"https:\/\/www.kelmis.be\/fr\/wp-json\/wp\/v2\/types\/post"}],"author":[{"embeddable":true,"href":"https:\/\/www.kelmis.be\/fr\/wp-json\/wp\/v2\/users\/2"}],"replies":[{"embeddable":true,"href":"https:\/\/www.kelmis.be\/fr\/wp-json\/wp\/v2\/comments?post=9276"}],"version-history":[{"count":2,"href":"https:\/\/www.kelmis.be\/fr\/wp-json\/wp\/v2\/posts\/9276\/revisions"}],"predecessor-version":[{"id":9279,"href":"https:\/\/www.kelmis.be\/fr\/wp-json\/wp\/v2\/posts\/9276\/revisions\/9279"}],"wp:featuredmedia":[{"embeddable":true,"href":"https:\/\/www.kelmis.be\/fr\/wp-json\/wp\/v2\/media\/9277"}],"wp:attachment":[{"href":"https:\/\/www.kelmis.be\/fr\/wp-json\/wp\/v2\/media?parent=9276"}],"wp:term":[{"taxonomy":"category","embeddable":true,"href":"https:\/\/www.kelmis.be\/fr\/wp-json\/wp\/v2\/categories?post=9276"},{"taxonomy":"post_tag","embeddable":true,"href":"https:\/\/www.kelmis.be\/fr\/wp-json\/wp\/v2\/tags?post=9276"}],"curies":[{"name":"wp","href":"https:\/\/api.w.org\/{rel}","templated":true}]}}