{"id":9197,"date":"2022-08-18T16:38:39","date_gmt":"2022-08-18T14:38:39","guid":{"rendered":"https:\/\/www.kelmis.be\/?p=9197"},"modified":"2022-08-18T16:40:12","modified_gmt":"2022-08-18T14:40:12","slug":"reunion-du-conseil-dadministration-dores-assets-le-28-septembre","status":"publish","type":"post","link":"https:\/\/www.kelmis.be\/fr\/depuis-la-maison-communale\/reunion-du-conseil-dadministration-dores-assets-le-28-septembre","title":{"rendered":"R\u00e9union du conseil d&rsquo;administration d&rsquo;ORES Assets le 28 septembre"},"content":{"rendered":"<p>Le 28 septembre, le conseil d&rsquo;administration d&rsquo;ORES Assets se r\u00e9unira \u00e0 Louvain-la-Neuve. Vous trouverez l&rsquo;ordre du jour dans la zone de t\u00e9l\u00e9chargement. Les personnes qui souhaitent y participer doivent s&rsquo;inscrire avant le 15 septembre.<\/p>\n","protected":false},"excerpt":{"rendered":"Le 28 septembre, le conseil d&rsquo;administration d&rsquo;ORES Assets se r\u00e9unira \u00e0 Louvain-la-Neuve. Vous trouverez l&rsquo;ordre du jour dans la zone de t\u00e9l\u00e9chargement. Les personnes qui souhaitent y participer doivent s&rsquo;inscrire avant le 15 septembre.","protected":false},"author":2,"featured_media":9198,"comment_status":"closed","ping_status":"closed","sticky":false,"template":"","format":"standard","meta":{"_acf_changed":false,"footnotes":""},"categories":[71],"tags":[],"class_list":["post-9197","post","type-post","status-publish","format-standard","has-post-thumbnail","hentry","category-depuis-la-maison-communale"],"acf":[],"_links":{"self":[{"href":"https:\/\/www.kelmis.be\/fr\/wp-json\/wp\/v2\/posts\/9197","targetHints":{"allow":["GET"]}}],"collection":[{"href":"https:\/\/www.kelmis.be\/fr\/wp-json\/wp\/v2\/posts"}],"about":[{"href":"https:\/\/www.kelmis.be\/fr\/wp-json\/wp\/v2\/types\/post"}],"author":[{"embeddable":true,"href":"https:\/\/www.kelmis.be\/fr\/wp-json\/wp\/v2\/users\/2"}],"replies":[{"embeddable":true,"href":"https:\/\/www.kelmis.be\/fr\/wp-json\/wp\/v2\/comments?post=9197"}],"version-history":[{"count":2,"href":"https:\/\/www.kelmis.be\/fr\/wp-json\/wp\/v2\/posts\/9197\/revisions"}],"predecessor-version":[{"id":9201,"href":"https:\/\/www.kelmis.be\/fr\/wp-json\/wp\/v2\/posts\/9197\/revisions\/9201"}],"wp:featuredmedia":[{"embeddable":true,"href":"https:\/\/www.kelmis.be\/fr\/wp-json\/wp\/v2\/media\/9198"}],"wp:attachment":[{"href":"https:\/\/www.kelmis.be\/fr\/wp-json\/wp\/v2\/media?parent=9197"}],"wp:term":[{"taxonomy":"category","embeddable":true,"href":"https:\/\/www.kelmis.be\/fr\/wp-json\/wp\/v2\/categories?post=9197"},{"taxonomy":"post_tag","embeddable":true,"href":"https:\/\/www.kelmis.be\/fr\/wp-json\/wp\/v2\/tags?post=9197"}],"curies":[{"name":"wp","href":"https:\/\/api.w.org\/{rel}","templated":true}]}}