{"id":9181,"date":"2022-08-18T13:24:37","date_gmt":"2022-08-18T11:24:37","guid":{"rendered":"https:\/\/www.kelmis.be\/?p=9181"},"modified":"2022-08-18T14:21:05","modified_gmt":"2022-08-18T12:21:05","slug":"travaux-de-demontage-au-monument","status":"publish","type":"post","link":"https:\/\/www.kelmis.be\/fr\/actualite-dans-la-commune\/travaux-de-demontage-au-monument","title":{"rendered":"Travaux de d\u00e9montage au monument"},"content":{"rendered":"<p>Les travaux avancent sur la place de l&rsquo;<span style=\"font-family: Liberation Serif, serif;\">\u00c9<\/span>glise. Pour le moment, l&rsquo;accent est mis sur la zone de la place autour du monument aux morts. Les travaux de d\u00e9montage du monument sont en cours. Apr\u00e8s le d\u00e9montage et avant la reconstruction \u00e0 quelques m\u00e8tres de son emplacement actuel, le monument sera entrepos\u00e9 provisoirement. Les travaux dans cette zone devraient \u00eatre termin\u00e9s \u00e0 la fin de l&rsquo;ann\u00e9e.<br \/>\nInfo importante pour les clients de l&rsquo;espace horeca de la rue de l\u2019<span style=\"font-family: Liberation Serif, serif;\">\u00c9glise<\/span> : l&rsquo;activit\u00e9 ne sera pas affect\u00e9e par les travaux. Les terrasses ne seront pas touch\u00e9es.<\/p>\n","protected":false},"excerpt":{"rendered":"Les travaux avancent sur la place de l&rsquo;\u00c9glise. Pour le moment, l&rsquo;accent est mis sur la zone de la place autour du monument aux morts. Les travaux de d\u00e9montage du monument sont en cours. Apr\u00e8s le d\u00e9montage et avant la reconstruction \u00e0 quelques m\u00e8tres de son emplacement actuel, le monument sera entrepos\u00e9 provisoirement. Les travaux [&hellip;]","protected":false},"author":2,"featured_media":9182,"comment_status":"closed","ping_status":"closed","sticky":false,"template":"","format":"standard","meta":{"_acf_changed":false,"footnotes":""},"categories":[70],"tags":[],"class_list":["post-9181","post","type-post","status-publish","format-standard","has-post-thumbnail","hentry","category-actualite-dans-la-commune"],"acf":[],"_links":{"self":[{"href":"https:\/\/www.kelmis.be\/fr\/wp-json\/wp\/v2\/posts\/9181","targetHints":{"allow":["GET"]}}],"collection":[{"href":"https:\/\/www.kelmis.be\/fr\/wp-json\/wp\/v2\/posts"}],"about":[{"href":"https:\/\/www.kelmis.be\/fr\/wp-json\/wp\/v2\/types\/post"}],"author":[{"embeddable":true,"href":"https:\/\/www.kelmis.be\/fr\/wp-json\/wp\/v2\/users\/2"}],"replies":[{"embeddable":true,"href":"https:\/\/www.kelmis.be\/fr\/wp-json\/wp\/v2\/comments?post=9181"}],"version-history":[{"count":2,"href":"https:\/\/www.kelmis.be\/fr\/wp-json\/wp\/v2\/posts\/9181\/revisions"}],"predecessor-version":[{"id":9192,"href":"https:\/\/www.kelmis.be\/fr\/wp-json\/wp\/v2\/posts\/9181\/revisions\/9192"}],"wp:featuredmedia":[{"embeddable":true,"href":"https:\/\/www.kelmis.be\/fr\/wp-json\/wp\/v2\/media\/9182"}],"wp:attachment":[{"href":"https:\/\/www.kelmis.be\/fr\/wp-json\/wp\/v2\/media?parent=9181"}],"wp:term":[{"taxonomy":"category","embeddable":true,"href":"https:\/\/www.kelmis.be\/fr\/wp-json\/wp\/v2\/categories?post=9181"},{"taxonomy":"post_tag","embeddable":true,"href":"https:\/\/www.kelmis.be\/fr\/wp-json\/wp\/v2\/tags?post=9181"}],"curies":[{"name":"wp","href":"https:\/\/api.w.org\/{rel}","templated":true}]}}