{"id":9055,"date":"2022-07-19T09:56:24","date_gmt":"2022-07-19T07:56:24","guid":{"rendered":"https:\/\/www.kelmis.be\/?p=9055"},"modified":"2022-07-19T09:58:56","modified_gmt":"2022-07-19T07:58:56","slug":"fete-nationale-a-la-calamine-voici-le-programme","status":"publish","type":"post","link":"https:\/\/www.kelmis.be\/fr\/evenement\/fete-nationale-a-la-calamine-voici-le-programme","title":{"rendered":"F\u00eate nationale \u00e0 La Calamine : voici le programme"},"content":{"rendered":"<p>Jeudi prochain, c&rsquo;est la f\u00eate nationale. Traditionnellement, elle est c\u00e9l\u00e9br\u00e9e dans notre commune par un Te Deum (\u00e0 14 heures) \u00e0 l&rsquo;\u00e9glise Notre-Dame de l&rsquo;Assomption. Apr\u00e8s le d\u00e9p\u00f4t de gerbes au monument aux morts, le W\u00e4rme Schw\u00e4rm, avec le soutien de la commune, organise \u00e0 partir de 15 heures une f\u00eate populaire avec de la musique live au Park Hotel. L&rsquo;entr\u00e9e est gratuite.<\/p>\n<p>L\u2019administration restera ferm\u00e9e ce jeudi. Vendredi, nous serons \u00e0 nouveau \u00e0 votre service.<\/p>\n","protected":false},"excerpt":{"rendered":"Jeudi prochain, c&rsquo;est la f\u00eate nationale. Traditionnellement, elle est c\u00e9l\u00e9br\u00e9e dans notre commune par un Te Deum (\u00e0 14 heures) \u00e0 l&rsquo;\u00e9glise Notre-Dame de l&rsquo;Assomption. Apr\u00e8s le d\u00e9p\u00f4t de gerbes au monument aux morts, le W\u00e4rme Schw\u00e4rm, avec le soutien de la commune, organise \u00e0 partir de 15 heures une f\u00eate populaire avec de la [&hellip;]","protected":false},"author":2,"featured_media":9056,"comment_status":"closed","ping_status":"closed","sticky":false,"template":"","format":"standard","meta":{"_acf_changed":false,"footnotes":""},"categories":[73],"tags":[],"class_list":["post-9055","post","type-post","status-publish","format-standard","has-post-thumbnail","hentry","category-evenement"],"acf":[],"_links":{"self":[{"href":"https:\/\/www.kelmis.be\/fr\/wp-json\/wp\/v2\/posts\/9055","targetHints":{"allow":["GET"]}}],"collection":[{"href":"https:\/\/www.kelmis.be\/fr\/wp-json\/wp\/v2\/posts"}],"about":[{"href":"https:\/\/www.kelmis.be\/fr\/wp-json\/wp\/v2\/types\/post"}],"author":[{"embeddable":true,"href":"https:\/\/www.kelmis.be\/fr\/wp-json\/wp\/v2\/users\/2"}],"replies":[{"embeddable":true,"href":"https:\/\/www.kelmis.be\/fr\/wp-json\/wp\/v2\/comments?post=9055"}],"version-history":[{"count":3,"href":"https:\/\/www.kelmis.be\/fr\/wp-json\/wp\/v2\/posts\/9055\/revisions"}],"predecessor-version":[{"id":9059,"href":"https:\/\/www.kelmis.be\/fr\/wp-json\/wp\/v2\/posts\/9055\/revisions\/9059"}],"wp:featuredmedia":[{"embeddable":true,"href":"https:\/\/www.kelmis.be\/fr\/wp-json\/wp\/v2\/media\/9056"}],"wp:attachment":[{"href":"https:\/\/www.kelmis.be\/fr\/wp-json\/wp\/v2\/media?parent=9055"}],"wp:term":[{"taxonomy":"category","embeddable":true,"href":"https:\/\/www.kelmis.be\/fr\/wp-json\/wp\/v2\/categories?post=9055"},{"taxonomy":"post_tag","embeddable":true,"href":"https:\/\/www.kelmis.be\/fr\/wp-json\/wp\/v2\/tags?post=9055"}],"curies":[{"name":"wp","href":"https:\/\/api.w.org\/{rel}","templated":true}]}}