{"id":9032,"date":"2022-07-14T16:53:25","date_gmt":"2022-07-14T14:53:25","guid":{"rendered":"https:\/\/www.kelmis.be\/?p=9032"},"modified":"2022-07-14T16:55:18","modified_gmt":"2022-07-14T14:55:18","slug":"9032","status":"publish","type":"post","link":"https:\/\/www.kelmis.be\/fr\/depuis-la-maison-communale\/9032","title":{"rendered":"Le sixi\u00e8me num\u00e9ro six du \u00ab Kelmis magazine \u00bb  est disponible"},"content":{"rendered":"<p>Le sixi\u00e8me num\u00e9ro de notre \u00ab Kelmis magazine \u00bb est pr\u00eat : samedi et dimanche, le magazine sera distribu\u00e9 par des jeunes de la commune accompagn\u00e9s par des travailleurs\/travailleuses de rue ainsi que par des animateurs de la maison des jeunes de La Calamine. La couverture est consacr\u00e9e \u00e0 Willy Lousberg, directeur de l&rsquo;\u00e9cole communale de Hergenrath, qui a pris sa retraite. Vous pouvez consulter la version PDF du magazine en zone de t\u00e9l\u00e9chargement. Bonne lecture.<\/p>\n","protected":false},"excerpt":{"rendered":"Le sixi\u00e8me num\u00e9ro de notre \u00ab Kelmis magazine \u00bb est pr\u00eat : samedi et dimanche, le magazine sera distribu\u00e9 par des jeunes de la commune accompagn\u00e9s par des travailleurs\/travailleuses de rue ainsi que par des animateurs de la maison des jeunes de La Calamine. La couverture est consacr\u00e9e \u00e0 Willy Lousberg, directeur de l&rsquo;\u00e9cole communale [&hellip;]","protected":false},"author":2,"featured_media":9033,"comment_status":"closed","ping_status":"closed","sticky":false,"template":"","format":"standard","meta":{"_acf_changed":false,"footnotes":""},"categories":[71],"tags":[],"class_list":["post-9032","post","type-post","status-publish","format-standard","has-post-thumbnail","hentry","category-depuis-la-maison-communale"],"acf":[],"_links":{"self":[{"href":"https:\/\/www.kelmis.be\/fr\/wp-json\/wp\/v2\/posts\/9032","targetHints":{"allow":["GET"]}}],"collection":[{"href":"https:\/\/www.kelmis.be\/fr\/wp-json\/wp\/v2\/posts"}],"about":[{"href":"https:\/\/www.kelmis.be\/fr\/wp-json\/wp\/v2\/types\/post"}],"author":[{"embeddable":true,"href":"https:\/\/www.kelmis.be\/fr\/wp-json\/wp\/v2\/users\/2"}],"replies":[{"embeddable":true,"href":"https:\/\/www.kelmis.be\/fr\/wp-json\/wp\/v2\/comments?post=9032"}],"version-history":[{"count":3,"href":"https:\/\/www.kelmis.be\/fr\/wp-json\/wp\/v2\/posts\/9032\/revisions"}],"predecessor-version":[{"id":9036,"href":"https:\/\/www.kelmis.be\/fr\/wp-json\/wp\/v2\/posts\/9032\/revisions\/9036"}],"wp:featuredmedia":[{"embeddable":true,"href":"https:\/\/www.kelmis.be\/fr\/wp-json\/wp\/v2\/media\/9033"}],"wp:attachment":[{"href":"https:\/\/www.kelmis.be\/fr\/wp-json\/wp\/v2\/media?parent=9032"}],"wp:term":[{"taxonomy":"category","embeddable":true,"href":"https:\/\/www.kelmis.be\/fr\/wp-json\/wp\/v2\/categories?post=9032"},{"taxonomy":"post_tag","embeddable":true,"href":"https:\/\/www.kelmis.be\/fr\/wp-json\/wp\/v2\/tags?post=9032"}],"curies":[{"name":"wp","href":"https:\/\/api.w.org\/{rel}","templated":true}]}}