{"id":8957,"date":"2022-06-30T16:29:54","date_gmt":"2022-06-30T14:29:54","guid":{"rendered":"https:\/\/www.kelmis.be\/?p=8957"},"modified":"2022-07-05T15:24:59","modified_gmt":"2022-07-05T13:24:59","slug":"participez-a-lembellissement-de-votre-commune-et-entrez-votre-projet","status":"publish","type":"post","link":"https:\/\/www.kelmis.be\/fr\/depuis-la-maison-communale\/participez-a-lembellissement-de-votre-commune-et-entrez-votre-projet","title":{"rendered":"Participez \u00e0 l&#8217;embellissement de votre commune et entrez votre projet !"},"content":{"rendered":"<p>Avec le soutien de Communaut\u00e9 germanophone, la commune met \u00e0 disposition cette ann\u00e9e et les deux ann\u00e9es suivantes 30.000 euros pour des projets qui doivent, d\u2019apr\u00e8s le r\u00e8glement, \u00ab pr\u00e9senter un int\u00e9r\u00eat pour la commune, avoir une dimension collective ou participative et proposer des actions concr\u00e8tes ayant un impact positif sur l&rsquo;environnement, la dimension sociale ou le cadre de vie sur le territoire de la commune de La Calamine. Les projets qui couvrent simultan\u00e9ment ces trois th\u00e8mes seront privil\u00e9gi\u00e9s. \u00bb<\/p>\n<p>Les projets sont soumis \u00e0 certaines conditions. La faisabilit\u00e9 sera examin\u00e9e par l&rsquo;administration. Les projets seront \u00e9valu\u00e9s par un jury et par les citoyens de notre commune sous la forme d&rsquo;un vote digital, doivent \u00eatre envoy\u00e9s par courrier, y inclus le formulaire de participation (cfr. zone de t\u00e9l\u00e9chargement), avant le 16 septembre : Commune de La Calamine, Participation citoyenne, rue de l\u2019\u00c9glise 31, 4720 La Calamine.<\/p>\n","protected":false},"excerpt":{"rendered":"Avec le soutien de Communaut\u00e9 germanophone, la commune met \u00e0 disposition cette ann\u00e9e et les deux ann\u00e9es suivantes 30.000 euros pour des projets qui doivent, d\u2019apr\u00e8s le r\u00e8glement, \u00ab pr\u00e9senter un int\u00e9r\u00eat pour la commune, avoir une dimension collective ou participative et proposer des actions concr\u00e8tes ayant un impact positif sur l&rsquo;environnement, la dimension sociale [&hellip;]","protected":false},"author":2,"featured_media":8958,"comment_status":"closed","ping_status":"closed","sticky":false,"template":"","format":"standard","meta":{"_acf_changed":false,"footnotes":""},"categories":[71],"tags":[],"class_list":["post-8957","post","type-post","status-publish","format-standard","has-post-thumbnail","hentry","category-depuis-la-maison-communale"],"acf":[],"_links":{"self":[{"href":"https:\/\/www.kelmis.be\/fr\/wp-json\/wp\/v2\/posts\/8957","targetHints":{"allow":["GET"]}}],"collection":[{"href":"https:\/\/www.kelmis.be\/fr\/wp-json\/wp\/v2\/posts"}],"about":[{"href":"https:\/\/www.kelmis.be\/fr\/wp-json\/wp\/v2\/types\/post"}],"author":[{"embeddable":true,"href":"https:\/\/www.kelmis.be\/fr\/wp-json\/wp\/v2\/users\/2"}],"replies":[{"embeddable":true,"href":"https:\/\/www.kelmis.be\/fr\/wp-json\/wp\/v2\/comments?post=8957"}],"version-history":[{"count":5,"href":"https:\/\/www.kelmis.be\/fr\/wp-json\/wp\/v2\/posts\/8957\/revisions"}],"predecessor-version":[{"id":8981,"href":"https:\/\/www.kelmis.be\/fr\/wp-json\/wp\/v2\/posts\/8957\/revisions\/8981"}],"wp:featuredmedia":[{"embeddable":true,"href":"https:\/\/www.kelmis.be\/fr\/wp-json\/wp\/v2\/media\/8958"}],"wp:attachment":[{"href":"https:\/\/www.kelmis.be\/fr\/wp-json\/wp\/v2\/media?parent=8957"}],"wp:term":[{"taxonomy":"category","embeddable":true,"href":"https:\/\/www.kelmis.be\/fr\/wp-json\/wp\/v2\/categories?post=8957"},{"taxonomy":"post_tag","embeddable":true,"href":"https:\/\/www.kelmis.be\/fr\/wp-json\/wp\/v2\/tags?post=8957"}],"curies":[{"name":"wp","href":"https:\/\/api.w.org\/{rel}","templated":true}]}}