{"id":8859,"date":"2022-06-16T10:57:48","date_gmt":"2022-06-16T08:57:48","guid":{"rendered":"https:\/\/www.kelmis.be\/?p=8859"},"modified":"2022-06-16T11:05:37","modified_gmt":"2022-06-16T09:05:37","slug":"alerte-plan-forte-chaleur-et-pics-dozone","status":"publish","type":"post","link":"https:\/\/www.kelmis.be\/fr\/depuis-la-maison-communale\/alerte-plan-forte-chaleur-et-pics-dozone","title":{"rendered":"Alerte \u00ab Plan Forte chaleur et pics d\u2019ozone \u00bb"},"content":{"rendered":"<p>Selon les pr\u00e9visions de l&rsquo;institut royal m\u00e9t\u00e9orologique d&rsquo;Uccle, la somme des diff\u00e9rences entre les temp\u00e9ratures maximales des 5 prochains jours et le seuil de 25 \u00b0C est sup\u00e9rieure \u00e0 17 \u00b0C. Les temp\u00e9ratures maximales journali\u00e8res pr\u00e9vues pour les prochains jours sont sup\u00e9rieures \u00e0 28 degr\u00e9s.<\/p>\n<p>Les concentrations d&rsquo;ozone vont augmenter dans les prochains jours, mais aucun d\u00e9passement du seuil d&rsquo;information europ\u00e9en de 180 \u03bcg\/m\u00b3 n&rsquo;est pr\u00e9vu. La phase d&rsquo;alerte du plan pour fortes chaleurs et pics d&rsquo;ozone a \u00e9t\u00e9 activ\u00e9e.<br \/>\nLes recommandations ci-dessous s&rsquo;appliquent \u00e0 l&rsquo;ensemble de la population, mais en particulier aux personnes les plus fragiles :<\/p>\n<p>&#8211; boire plus que d&rsquo;habitude &#8211; de pr\u00e9f\u00e9rence de l&rsquo;eau ;<br \/>\n&#8211; \u00e9viter l&rsquo;alcool et les boissons fortement sucr\u00e9es ;<br \/>\n&#8211; veiller \u00e0 ce que les b\u00e9b\u00e9s, les jeunes enfants et les personnes ayant besoin de soins boivent suffisamment de l&rsquo;eau ;<br \/>\n&#8211; rester \u00e0 l&rsquo;int\u00e9rieur, en particulier les personnes souffrant de maladies respiratoires et cardio-vasculaires ;<br \/>\n&#8211; rester dans des endroits frais et se rafra\u00eechir r\u00e9guli\u00e8rement ;<br \/>\n&#8211; se reposer ; \u00e9viter les activit\u00e9s physiques importantes ;<br \/>\n&#8211; se prot\u00e9ger du soleil (cr\u00e8me solaire, chapeau) ;<br \/>\n&#8211; fermer les volets et les rideaux pendant la journ\u00e9e, a\u00e9rer l&rsquo;appartement la nuit ;<br \/>\n&#8211; en cas de coup de chaleur, de fatigue ou de difficult\u00e9s respiratoires, consulter un m\u00e9decin.<\/p>\n<p>Tous les d\u00e9tails se trouvent sur <strong><a href=\"https:\/\/sante.wallonie.be\/?q=plan-wallon-forte-chaleur-pics-ozone\/recommandations\">ce<\/a><a href=\"https:\/\/sante.wallonie.be\/?q=plan-wallon-forte-chaleur-pics-ozone\/recommandations\"> site<\/a><\/strong>.<\/p>\n<p>Autres liens :<br \/>\n&#8211; <strong><a href=\"https:\/\/www.belgium.be\/fr\/sante\/risques_pour_la_sante\/risques_climatiques\/ozone_et_chaleur\">Recommandations sanitaires en cas de canicule (SPF Sant\u00e9 publique)<\/a><\/strong><\/p>\n<p>&#8211; <strong><a href=\"http:\/\/www.meteo.be\">Pr\u00e9visions m\u00e9t\u00e9orologiques de l&rsquo;IRM<\/a><\/strong><\/p>\n<p>&#8211; <strong><a href=\"http:\/\/www.awac.be\/index.php\/thematiques\/politiques-actions\/plan-pace\">Agence wallonne de l&rsquo;air et du climat<\/a><\/strong><\/p>\n<p>&nbsp;<\/p>\n<p>Photo: Rajiv Bajaj<\/p>\n","protected":false},"excerpt":{"rendered":"Selon les pr\u00e9visions de l&rsquo;institut royal m\u00e9t\u00e9orologique d&rsquo;Uccle, la somme des diff\u00e9rences entre les temp\u00e9ratures maximales des 5 prochains jours et le seuil de 25 \u00b0C est sup\u00e9rieure \u00e0 17 \u00b0C. Les temp\u00e9ratures maximales journali\u00e8res pr\u00e9vues pour les prochains jours sont sup\u00e9rieures \u00e0 28 degr\u00e9s. Les concentrations d&rsquo;ozone vont augmenter dans les prochains jours, mais [&hellip;]","protected":false},"author":2,"featured_media":8860,"comment_status":"closed","ping_status":"closed","sticky":false,"template":"","format":"standard","meta":{"_acf_changed":false,"footnotes":""},"categories":[71],"tags":[],"class_list":["post-8859","post","type-post","status-publish","format-standard","has-post-thumbnail","hentry","category-depuis-la-maison-communale"],"acf":[],"_links":{"self":[{"href":"https:\/\/www.kelmis.be\/fr\/wp-json\/wp\/v2\/posts\/8859","targetHints":{"allow":["GET"]}}],"collection":[{"href":"https:\/\/www.kelmis.be\/fr\/wp-json\/wp\/v2\/posts"}],"about":[{"href":"https:\/\/www.kelmis.be\/fr\/wp-json\/wp\/v2\/types\/post"}],"author":[{"embeddable":true,"href":"https:\/\/www.kelmis.be\/fr\/wp-json\/wp\/v2\/users\/2"}],"replies":[{"embeddable":true,"href":"https:\/\/www.kelmis.be\/fr\/wp-json\/wp\/v2\/comments?post=8859"}],"version-history":[{"count":8,"href":"https:\/\/www.kelmis.be\/fr\/wp-json\/wp\/v2\/posts\/8859\/revisions"}],"predecessor-version":[{"id":8868,"href":"https:\/\/www.kelmis.be\/fr\/wp-json\/wp\/v2\/posts\/8859\/revisions\/8868"}],"wp:featuredmedia":[{"embeddable":true,"href":"https:\/\/www.kelmis.be\/fr\/wp-json\/wp\/v2\/media\/8860"}],"wp:attachment":[{"href":"https:\/\/www.kelmis.be\/fr\/wp-json\/wp\/v2\/media?parent=8859"}],"wp:term":[{"taxonomy":"category","embeddable":true,"href":"https:\/\/www.kelmis.be\/fr\/wp-json\/wp\/v2\/categories?post=8859"},{"taxonomy":"post_tag","embeddable":true,"href":"https:\/\/www.kelmis.be\/fr\/wp-json\/wp\/v2\/tags?post=8859"}],"curies":[{"name":"wp","href":"https:\/\/api.w.org\/{rel}","templated":true}]}}