{"id":8803,"date":"2022-06-09T11:56:56","date_gmt":"2022-06-09T09:56:56","guid":{"rendered":"https:\/\/www.kelmis.be\/?p=8803"},"modified":"2022-06-09T11:57:41","modified_gmt":"2022-06-09T09:57:41","slug":"exposition-de-mineraux-de-zinc-plomb-et-fer-au-musee-des-samedi","status":"publish","type":"post","link":"https:\/\/www.kelmis.be\/fr\/evenement\/exposition-de-mineraux-de-zinc-plomb-et-fer-au-musee-des-samedi","title":{"rendered":"Exposition de min\u00e9raux de zinc, plomb et fer au mus\u00e9e d\u00e8s samedi"},"content":{"rendered":"<p>Saviez-vous que le sous-sol de notre r\u00e9gion \u00e9tait riche en zinc et en plomb\u00a0? Que la soci\u00e9t\u00e9 Vieille-Montagne a b\u00e2ti sa prosp\u00e9rit\u00e9 sur les ressources mini\u00e8res de La Calamine, avant de se d\u00e9velopper internationalement et d\u2019exploiter des mines dans plusieurs pays\u00a0? Que le minerai de zinc peut pr\u00e9senter en cristaux transparents ou adopter une jolie couleur bleue\u00a0? Et aujourd\u2019hui, savons-nous ce qui se cache sous nos pieds\u00a0?<\/p>\n<p>Les collectionneurs Paul Simons (La Calamine), Charly Grooteclaes (Lontzen) et Fran\u00e7ois Wouters (Balen) pr\u00e9sentent une s\u00e9lection de leurs plus beaux \u00e9chantillons de min\u00e9raux de zinc, plomb et fer, en provenance d\u2019ici ou d\u2019ailleurs. D\u00e9couvrez l\u2019\u00e9tonnante diversit\u00e9 du monde min\u00e9ral, son importance dans le d\u00e9veloppement de notre r\u00e9gion et l\u2019activit\u00e9 mini\u00e8re internationale de la S.A. Vieille-Montagne.<\/p>\n<p><strong>Horaires d\u2018ouverture :<\/strong><\/p>\n<p>mardi \u2013 vendredi : 10 \u2013 17 heures<\/p>\n<p>samedi \u2013 dimanche : 11h30 \u2013 17h<\/p>\n<p>Ferm\u00e9 les jours f\u00e9ri\u00e9s l\u00e9gaux, 24-26 &amp; 31 d\u00e9cembre<\/p>\n<p>Tarifs, compris dans le prix d\u2019entr\u00e9e du mus\u00e9e\u00a0: 6\u20ac &#8211; 5\u20ac &#8211; 4\u20ac ; enfants (0-5 ans) : gratuit; forfait famille : 16 \u20ac; museumPASSmus\u00e9es \/ carte annuelle : gratuit<\/p>\n<p><em>Une exposition du Mus\u00e9e Vieille Montagne, en collaboration avec Vieille Montagne Heritage Association et l\u2019Association Kelmis 1871.<\/em><\/p>\n","protected":false},"excerpt":{"rendered":"Saviez-vous que le sous-sol de notre r\u00e9gion \u00e9tait riche en zinc et en plomb\u00a0? Que la soci\u00e9t\u00e9 Vieille-Montagne a b\u00e2ti sa prosp\u00e9rit\u00e9 sur les ressources mini\u00e8res de La Calamine, avant de se d\u00e9velopper internationalement et d\u2019exploiter des mines dans plusieurs pays\u00a0? Que le minerai de zinc peut pr\u00e9senter en cristaux transparents ou adopter une jolie [&hellip;]","protected":false},"author":2,"featured_media":8804,"comment_status":"closed","ping_status":"closed","sticky":false,"template":"","format":"standard","meta":{"_acf_changed":false,"footnotes":""},"categories":[73],"tags":[],"class_list":["post-8803","post","type-post","status-publish","format-standard","has-post-thumbnail","hentry","category-evenement"],"acf":[],"_links":{"self":[{"href":"https:\/\/www.kelmis.be\/fr\/wp-json\/wp\/v2\/posts\/8803","targetHints":{"allow":["GET"]}}],"collection":[{"href":"https:\/\/www.kelmis.be\/fr\/wp-json\/wp\/v2\/posts"}],"about":[{"href":"https:\/\/www.kelmis.be\/fr\/wp-json\/wp\/v2\/types\/post"}],"author":[{"embeddable":true,"href":"https:\/\/www.kelmis.be\/fr\/wp-json\/wp\/v2\/users\/2"}],"replies":[{"embeddable":true,"href":"https:\/\/www.kelmis.be\/fr\/wp-json\/wp\/v2\/comments?post=8803"}],"version-history":[{"count":2,"href":"https:\/\/www.kelmis.be\/fr\/wp-json\/wp\/v2\/posts\/8803\/revisions"}],"predecessor-version":[{"id":8806,"href":"https:\/\/www.kelmis.be\/fr\/wp-json\/wp\/v2\/posts\/8803\/revisions\/8806"}],"wp:featuredmedia":[{"embeddable":true,"href":"https:\/\/www.kelmis.be\/fr\/wp-json\/wp\/v2\/media\/8804"}],"wp:attachment":[{"href":"https:\/\/www.kelmis.be\/fr\/wp-json\/wp\/v2\/media?parent=8803"}],"wp:term":[{"taxonomy":"category","embeddable":true,"href":"https:\/\/www.kelmis.be\/fr\/wp-json\/wp\/v2\/categories?post=8803"},{"taxonomy":"post_tag","embeddable":true,"href":"https:\/\/www.kelmis.be\/fr\/wp-json\/wp\/v2\/tags?post=8803"}],"curies":[{"name":"wp","href":"https:\/\/api.w.org\/{rel}","templated":true}]}}