{"id":8663,"date":"2022-05-24T12:22:00","date_gmt":"2022-05-24T10:22:00","guid":{"rendered":"https:\/\/www.kelmis.be\/?p=8663"},"modified":"2022-05-24T12:22:00","modified_gmt":"2022-05-24T10:22:00","slug":"aide-au-reamenagement-de-trottoirs","status":"publish","type":"post","link":"https:\/\/www.kelmis.be\/fr\/actualite-dans-la-commune\/aide-au-reamenagement-de-trottoirs","title":{"rendered":"Aide au r\u00e9am\u00e9nagement de trottoirs"},"content":{"rendered":"<p>La commune aide les citoyens \u00e0 r\u00e9am\u00e9nager leurs trottoirs. Pour autant que la demande soit approuv\u00e9e par le coll\u00e8ge communal, la commune fournit les pav\u00e9s autobloquants et paie \u00e9galement les frais de livraison.<br \/>\nImportant : la longueur du trottoir devant la propri\u00e9t\u00e9 est prise en compte et une largeur de 1,5 m est retenue.<br \/>\nLes pav\u00e9s sont exclusivement de couleur gris clair et mesurent 22 cm x 11 cm x 8 cm.<br \/>\nLes demandes doivent \u00eatre faites soit par \u00e9crit (D\u00e9p\u00f4t communal de La Calamine, rue de Li\u00e8ge 254, 4721 La Calamine), soit par e-mail (bauhof@kelmis.be).<br \/>\nLa demande doit comporter l&rsquo;adresse et les coordonn\u00e9es du demandeur.<\/p>\n","protected":false},"excerpt":{"rendered":"La commune aide les citoyens \u00e0 r\u00e9am\u00e9nager leurs trottoirs. Pour autant que la demande soit approuv\u00e9e par le coll\u00e8ge communal, la commune fournit les pav\u00e9s autobloquants et paie \u00e9galement les frais de livraison. Important : la longueur du trottoir devant la propri\u00e9t\u00e9 est prise en compte et une largeur de 1,5 m est retenue. Les [&hellip;]","protected":false},"author":2,"featured_media":8664,"comment_status":"closed","ping_status":"closed","sticky":false,"template":"","format":"standard","meta":{"_acf_changed":false,"footnotes":""},"categories":[70],"tags":[],"class_list":["post-8663","post","type-post","status-publish","format-standard","has-post-thumbnail","hentry","category-actualite-dans-la-commune"],"acf":[],"_links":{"self":[{"href":"https:\/\/www.kelmis.be\/fr\/wp-json\/wp\/v2\/posts\/8663","targetHints":{"allow":["GET"]}}],"collection":[{"href":"https:\/\/www.kelmis.be\/fr\/wp-json\/wp\/v2\/posts"}],"about":[{"href":"https:\/\/www.kelmis.be\/fr\/wp-json\/wp\/v2\/types\/post"}],"author":[{"embeddable":true,"href":"https:\/\/www.kelmis.be\/fr\/wp-json\/wp\/v2\/users\/2"}],"replies":[{"embeddable":true,"href":"https:\/\/www.kelmis.be\/fr\/wp-json\/wp\/v2\/comments?post=8663"}],"version-history":[{"count":1,"href":"https:\/\/www.kelmis.be\/fr\/wp-json\/wp\/v2\/posts\/8663\/revisions"}],"predecessor-version":[{"id":8665,"href":"https:\/\/www.kelmis.be\/fr\/wp-json\/wp\/v2\/posts\/8663\/revisions\/8665"}],"wp:featuredmedia":[{"embeddable":true,"href":"https:\/\/www.kelmis.be\/fr\/wp-json\/wp\/v2\/media\/8664"}],"wp:attachment":[{"href":"https:\/\/www.kelmis.be\/fr\/wp-json\/wp\/v2\/media?parent=8663"}],"wp:term":[{"taxonomy":"category","embeddable":true,"href":"https:\/\/www.kelmis.be\/fr\/wp-json\/wp\/v2\/categories?post=8663"},{"taxonomy":"post_tag","embeddable":true,"href":"https:\/\/www.kelmis.be\/fr\/wp-json\/wp\/v2\/tags?post=8663"}],"curies":[{"name":"wp","href":"https:\/\/api.w.org\/{rel}","templated":true}]}}