{"id":8642,"date":"2022-05-23T13:28:36","date_gmt":"2022-05-23T11:28:36","guid":{"rendered":"https:\/\/www.kelmis.be\/?p=8642"},"modified":"2022-05-23T13:28:43","modified_gmt":"2022-05-23T11:28:43","slug":"le-conseil-communal-se-reunit-ce-soir-retransmission-en-direct-3","status":"publish","type":"post","link":"https:\/\/www.kelmis.be\/fr\/depuis-la-maison-communale\/le-conseil-communal-se-reunit-ce-soir-retransmission-en-direct-3","title":{"rendered":"Le conseil communal se r\u00e9unit ce soir &#8211; Retransmission en direct"},"content":{"rendered":"<p>Le conseil communal se r\u00e9unit ce soir (20h) dans la salle du conseil de la maison communale. L&rsquo;ordre du jour comprend 21 points, dont le remplacement des fen\u00eatres et des portes du centre culturel Select. Les fen\u00eatres actuelles ne r\u00e9pondent plus aux nouvelles normes \u00e9nerg\u00e9tiques. Au total, 150 m\u00e8tres carr\u00e9s de fen\u00eatres seront remplac\u00e9s.<br \/>\nUn autre point est la r\u00e9novation et l&rsquo;extension des plaines de jeux pour enfants sur le territoire de notre commune (phase 3). Dans cette phase, il s&rsquo;agit des sites de Driesch et de l&rsquo;\u00e9cole communale de La Calamine.<\/p>\n<p>La s\u00e9ance est retransmise en direct sur <strong><a href=\"https:\/\/youtu.be\/n6s6qLWd5D4\">notre cha\u00eene YouTube<\/a><\/strong>.<\/p>\n","protected":false},"excerpt":{"rendered":"Le conseil communal se r\u00e9unit ce soir (20h) dans la salle du conseil de la maison communale. L&rsquo;ordre du jour comprend 21 points, dont le remplacement des fen\u00eatres et des portes du centre culturel Select. Les fen\u00eatres actuelles ne r\u00e9pondent plus aux nouvelles normes \u00e9nerg\u00e9tiques. Au total, 150 m\u00e8tres carr\u00e9s de fen\u00eatres seront remplac\u00e9s. Un [&hellip;]","protected":false},"author":2,"featured_media":0,"comment_status":"closed","ping_status":"closed","sticky":false,"template":"","format":"standard","meta":{"_acf_changed":false,"footnotes":""},"categories":[71],"tags":[],"class_list":["post-8642","post","type-post","status-publish","format-standard","hentry","category-depuis-la-maison-communale"],"acf":[],"_links":{"self":[{"href":"https:\/\/www.kelmis.be\/fr\/wp-json\/wp\/v2\/posts\/8642","targetHints":{"allow":["GET"]}}],"collection":[{"href":"https:\/\/www.kelmis.be\/fr\/wp-json\/wp\/v2\/posts"}],"about":[{"href":"https:\/\/www.kelmis.be\/fr\/wp-json\/wp\/v2\/types\/post"}],"author":[{"embeddable":true,"href":"https:\/\/www.kelmis.be\/fr\/wp-json\/wp\/v2\/users\/2"}],"replies":[{"embeddable":true,"href":"https:\/\/www.kelmis.be\/fr\/wp-json\/wp\/v2\/comments?post=8642"}],"version-history":[{"count":1,"href":"https:\/\/www.kelmis.be\/fr\/wp-json\/wp\/v2\/posts\/8642\/revisions"}],"predecessor-version":[{"id":8643,"href":"https:\/\/www.kelmis.be\/fr\/wp-json\/wp\/v2\/posts\/8642\/revisions\/8643"}],"wp:attachment":[{"href":"https:\/\/www.kelmis.be\/fr\/wp-json\/wp\/v2\/media?parent=8642"}],"wp:term":[{"taxonomy":"category","embeddable":true,"href":"https:\/\/www.kelmis.be\/fr\/wp-json\/wp\/v2\/categories?post=8642"},{"taxonomy":"post_tag","embeddable":true,"href":"https:\/\/www.kelmis.be\/fr\/wp-json\/wp\/v2\/tags?post=8642"}],"curies":[{"name":"wp","href":"https:\/\/api.w.org\/{rel}","templated":true}]}}