{"id":8601,"date":"2022-05-17T14:30:23","date_gmt":"2022-05-17T12:30:23","guid":{"rendered":"https:\/\/www.kelmis.be\/?p=8601"},"modified":"2022-05-17T14:30:36","modified_gmt":"2022-05-17T12:30:36","slug":"triptyque-ardennais-sarrete-a-la-calamine-ce-vendredi","status":"publish","type":"post","link":"https:\/\/www.kelmis.be\/fr\/actualite-dans-la-commune\/triptyque-ardennais-sarrete-a-la-calamine-ce-vendredi","title":{"rendered":"Triptyque Ardennais s&rsquo;arr\u00eate \u00e0 La Calamine ce vendredi"},"content":{"rendered":"<p>Ce vendredi, notre commune sera l&rsquo;arriv\u00e9e de la premi\u00e8re \u00e9tape de la c\u00e9l\u00e8bre course cycliste Triptyque Ardennais. Les deux ann\u00e9es pr\u00e9c\u00e9dentes, l&rsquo;\u00e9v\u00e9nement avait \u00e9t\u00e9 annul\u00e9 pour cause Covid-19.<br \/>\nToutes les informations sur le d\u00e9roulement des \u00e9tapes sont disponibles sur le <strong><a href=\"https:\/\/triptyqueardennais.be\/\">site internet de la course.<\/a><\/strong><br \/>\nLes coureurs sont attendus pour la premi\u00e8re fois \u00e0 15h30 \u00e0 la rue de Li\u00e8ge. Ils emprunteront ensuite la rue Max pour rejoindre Hergenrath. Apr\u00e8s avoir parcouru 148 kilom\u00e8tres, ils arriveront \u00e0 16h29 \u00e0 la rue de Li\u00e8ge.<br \/>\nDans l&rsquo;int\u00e9r\u00eat de la s\u00e9curit\u00e9 des visiteurs et de la s\u00e9curit\u00e9 routi\u00e8re en g\u00e9n\u00e9ral, l&rsquo;arr\u00eat et le stationnement des v\u00e9hicules seront interdits ce jour-l\u00e0 dans diff\u00e9rentes rues. Diff\u00e9rentes places de stationnement seront ferm\u00e9es au stationnement des v\u00e9hicules ainsi que certains acc\u00e8s routiers.<\/p>\n<p>Dans la rue Hasard (du carrefour de la RN3 au carrefour de la rue du Stade) et sur la RN3 du carrefour de la rue des Tilleuls au carrefour de la rue de la Chapelle, l&rsquo;arr\u00eat et le stationnement des v\u00e9hicules seront interdits des deux c\u00f4t\u00e9s de la rue de 13h30 \u00e0 17h30.<\/p>\n<p>L&rsquo;arr\u00eat et le stationnement sont interdits sur le parking situ\u00e9 devant le stade Prince Philippe dans la rue du Stade, sauf pour les participants et les organisateurs de la course cycliste.<\/p>\n<p>Nous vous remercions de votre compr\u00e9hension et faisons de notre mieux pour minimiser les d\u00e9sagr\u00e9ments.<\/p>\n","protected":false},"excerpt":{"rendered":"Ce vendredi, notre commune sera l&rsquo;arriv\u00e9e de la premi\u00e8re \u00e9tape de la c\u00e9l\u00e8bre course cycliste Triptyque Ardennais. Les deux ann\u00e9es pr\u00e9c\u00e9dentes, l&rsquo;\u00e9v\u00e9nement avait \u00e9t\u00e9 annul\u00e9 pour cause Covid-19. Toutes les informations sur le d\u00e9roulement des \u00e9tapes sont disponibles sur le site internet de la course. Les coureurs sont attendus pour la premi\u00e8re fois \u00e0 15h30 [&hellip;]","protected":false},"author":2,"featured_media":8602,"comment_status":"closed","ping_status":"closed","sticky":false,"template":"","format":"standard","meta":{"_acf_changed":false,"footnotes":""},"categories":[70],"tags":[],"class_list":["post-8601","post","type-post","status-publish","format-standard","has-post-thumbnail","hentry","category-actualite-dans-la-commune"],"acf":[],"_links":{"self":[{"href":"https:\/\/www.kelmis.be\/fr\/wp-json\/wp\/v2\/posts\/8601","targetHints":{"allow":["GET"]}}],"collection":[{"href":"https:\/\/www.kelmis.be\/fr\/wp-json\/wp\/v2\/posts"}],"about":[{"href":"https:\/\/www.kelmis.be\/fr\/wp-json\/wp\/v2\/types\/post"}],"author":[{"embeddable":true,"href":"https:\/\/www.kelmis.be\/fr\/wp-json\/wp\/v2\/users\/2"}],"replies":[{"embeddable":true,"href":"https:\/\/www.kelmis.be\/fr\/wp-json\/wp\/v2\/comments?post=8601"}],"version-history":[{"count":1,"href":"https:\/\/www.kelmis.be\/fr\/wp-json\/wp\/v2\/posts\/8601\/revisions"}],"predecessor-version":[{"id":8604,"href":"https:\/\/www.kelmis.be\/fr\/wp-json\/wp\/v2\/posts\/8601\/revisions\/8604"}],"wp:featuredmedia":[{"embeddable":true,"href":"https:\/\/www.kelmis.be\/fr\/wp-json\/wp\/v2\/media\/8602"}],"wp:attachment":[{"href":"https:\/\/www.kelmis.be\/fr\/wp-json\/wp\/v2\/media?parent=8601"}],"wp:term":[{"taxonomy":"category","embeddable":true,"href":"https:\/\/www.kelmis.be\/fr\/wp-json\/wp\/v2\/categories?post=8601"},{"taxonomy":"post_tag","embeddable":true,"href":"https:\/\/www.kelmis.be\/fr\/wp-json\/wp\/v2\/tags?post=8601"}],"curies":[{"name":"wp","href":"https:\/\/api.w.org\/{rel}","templated":true}]}}