{"id":8572,"date":"2022-05-12T11:36:50","date_gmt":"2022-05-12T09:36:50","guid":{"rendered":"https:\/\/www.kelmis.be\/?p=8572"},"modified":"2022-05-12T11:36:50","modified_gmt":"2022-05-12T09:36:50","slug":"engagement-detudiants-chez-meuse-aval","status":"publish","type":"post","link":"https:\/\/www.kelmis.be\/fr\/depuis-la-maison-communale\/engagement-detudiants-chez-meuse-aval","title":{"rendered":"Engagement d&rsquo;\u00e9tudiants chez Meuse Aval"},"content":{"rendered":"<p class=\"western\" lang=\"fr-BE\" align=\"justify\"><span style=\"font-family: Arial, sans-serif;\"><span style=\"font-size: medium;\">Durant la p\u00e9riode d\u2019\u00e9t\u00e9, le Contrat de Rivi\u00e8re Meuse Aval et affluents (CRMA) coordonne des chantiers de gestion de la Balsamine de l\u2019Himalaya (plante invasive) sur l\u2019ensemble de son bassin.<\/span><\/span><\/p>\n<p class=\"western\" lang=\"fr-BE\" align=\"justify\"><span style=\"font-family: Arial, sans-serif;\"><span style=\"font-size: medium;\">Pour aider les membres de la cellule de coordination, le CRMA engage <\/span><\/span><span style=\"font-family: Arial, sans-serif;\"><span style=\"font-size: medium;\"><b>5 <\/b><\/span><\/span><span style=\"font-family: Arial, sans-serif;\"><span style=\"font-size: medium;\"><b>\u00e9tudiants jobistes.<\/b><\/span><\/span><\/p>\n<p class=\"western\" lang=\"fr-BE\" align=\"justify\"><span style=\"font-family: Arial, sans-serif;\"><span style=\"font-size: medium;\"><b>Description de la mission\u00a0:<\/b><\/span><\/span><\/p>\n<p class=\"western\" lang=\"fr-BE\" align=\"justify\"><span style=\"font-family: Arial, sans-serif;\"><span style=\"font-size: medium;\">Ces chantiers consistent en l\u2019arrachage syst\u00e9matique (voir la fauche) de la plante, le long des berges des cours d\u2019eau. Ces chantiers sont organis\u00e9s d\u00e8s la floraison de la Balsamine mi-juin et d\u00e9pendent des conditions climatiques.<\/span><\/span><\/p>\n<p class=\"western\" lang=\"fr-BE\" align=\"justify\"><span style=\"font-family: Arial, sans-serif;\"><span style=\"font-size: medium;\">En cas d\u2019intemp\u00e9ries rendant les chantiers impraticables, d\u2019autres missions telles que rangement et nettoyage des locaux pourraient \u00eatre demand\u00e9es aux \u00e9tudiants.<\/span><\/span><\/p>\n<p class=\"western\" lang=\"fr-BE\" align=\"justify\"><span style=\"font-family: Arial, sans-serif;\"><span style=\"font-size: medium;\">En fonction de l\u2019\u00e9volution de la crise du Covid19, certaines mesures de protections individuelles pourront \u00eatre mises en \u0153uvre.<\/span><\/span><\/p>\n<p class=\"western\" lang=\"fr-BE\" align=\"justify\"><span style=\"font-family: Arial, sans-serif;\"><span style=\"font-size: medium;\"><b>R\u00e9gime<\/b><\/span><\/span><\/p>\n<ul>\n<li>\n<p class=\"western\" lang=\"fr-BE\" align=\"justify\"><span style=\"font-family: Arial, sans-serif;\"><span style=\"font-size: medium;\">R\u00e9gime de 4 jours\/semaine <\/span><\/span><\/p>\n<\/li>\n<li>\n<p class=\"western\" lang=\"fr-BE\" align=\"justify\"><span style=\"font-family: Arial, sans-serif;\"><span style=\"font-size: medium;\">Horaire variable (maximum de 30,4 h\/semaine)<\/span><\/span><\/p>\n<\/li>\n<li>\n<p class=\"western\" lang=\"fr-BE\" align=\"justify\"><span style=\"font-family: Arial, sans-serif;\"><span style=\"font-size: medium;\">Contrat \u00ab\u00a0\u00e9tudiant jobiste\u00a0\u00bb (bar\u00e8me\u00a0: 10,5 \u20ac\/heure)<\/span><\/span><\/p>\n<\/li>\n<\/ul>\n<p class=\"western\" lang=\"fr-BE\" align=\"justify\"><span style=\"font-family: Arial, sans-serif;\"><span style=\"font-size: medium;\"><b>Conditions d\u2019acc\u00e8s\u00a0:<\/b><\/span><\/span><\/p>\n<ul>\n<li>\n<p class=\"western\" lang=\"fr-BE\" align=\"justify\"><span style=\"font-family: Arial, sans-serif;\"><span style=\"font-size: medium;\">Avoir 16 ans au moins<\/span><\/span><\/p>\n<\/li>\n<li>\n<p class=\"western\" lang=\"fr-BE\" align=\"justify\"><span style=\"font-family: Arial, sans-serif;\"><span style=\"font-size: medium;\">\u00catre en possession d\u2019un permis de conduire et d\u2019un v\u00e9hicule est un plus<\/span><\/span><\/p>\n<\/li>\n<\/ul>\n<p class=\"western\" lang=\"fr-BE\" align=\"justify\"><span style=\"font-family: Arial, sans-serif;\"><span style=\"font-size: medium;\"><b>P\u00e9riode de r\u00e9alisation\u00a0: <\/b><\/span><\/span><\/p>\n<p class=\"western\" lang=\"fr-BE\" align=\"justify\"><span style=\"font-family: Arial, sans-serif;\"><span style=\"font-size: medium;\">Du 27 juin et le 15 juillet 2020.<\/span><\/span><\/p>\n<p class=\"western\" lang=\"fr-BE\" align=\"justify\"><span style=\"font-family: Arial, sans-serif;\"><span style=\"font-size: medium;\"><b>Lieux de r\u00e9alisation :<\/b><\/span><\/span><\/p>\n<p class=\"western\" lang=\"fr-BE\" align=\"justify\"><span style=\"font-family: Arial, sans-serif;\"><span style=\"font-size: medium;\">Le CRMA est actif sur 49 communes situ\u00e9es dans les provinces de Li\u00e8ge et Namur.<\/span><\/span><\/p>\n<p class=\"western\" lang=\"fr-BE\" align=\"justify\"><span style=\"font-family: Arial, sans-serif;\"><span style=\"font-size: medium;\">Les chantiers de gestion sont organis\u00e9s au d\u00e9part\u00a0:<\/span><\/span><\/p>\n<p class=\"western\" lang=\"fr-BE\" align=\"justify\">\n<ul>\n<li>\n<p class=\"western\" lang=\"fr-BE\" align=\"justify\"><span style=\"font-family: Arial, sans-serif;\"><span style=\"font-size: medium;\"><b>De Marchin et de Wanze <\/b><\/span><\/span><span style=\"font-family: Arial, sans-serif;\"><span style=\"font-size: medium;\">(Hoyoux\/Mehaigne\/Meuse)<\/span><\/span><span style=\"font-family: Arial, sans-serif;\"><span style=\"font-size: medium;\"> : engagement de <\/span><\/span><span style=\"font-family: Arial, sans-serif;\"><span style=\"font-size: medium;\"><b>2<\/b><\/span><\/span><span style=\"font-family: Arial, sans-serif;\"><span style=\"font-size: medium;\"> \u00e9tudiants<\/span><\/span><\/p>\n<\/li>\n<\/ul>\n<ul>\n<li>\n<p class=\"western\" lang=\"fr-BE\" align=\"justify\"><span style=\"font-family: Arial, sans-serif;\"><span style=\"font-size: medium;\"><b>De Plombi\u00e8res <\/b><\/span><\/span><span style=\"font-family: Arial, sans-serif;\"><span style=\"font-size: medium;\">(Berwinne\/Gueule)<\/span><\/span><b> <\/b><span style=\"font-family: Arial, sans-serif;\"><span style=\"font-size: medium;\">: engagement de <\/span><\/span><span style=\"font-family: Arial, sans-serif;\"><span style=\"font-size: medium;\"><b>3<\/b><\/span><\/span><span style=\"font-family: Arial, sans-serif;\"><span style=\"font-size: medium;\"> \u00e9tudiants<\/span><\/span><\/p>\n<\/li>\n<\/ul>\n<p class=\"western\" lang=\"fr-BE\" align=\"justify\"><span style=\"font-family: Arial, sans-serif;\"><span style=\"font-size: medium;\"><b>Candidatures et s\u00e9lection\u00a0:<\/b><\/span><\/span><\/p>\n<p class=\"western\" lang=\"fr-BE\" align=\"justify\"><span style=\"font-family: Arial, sans-serif;\"><span style=\"font-size: medium;\">Les candidatures, lettre de motivation et CV, doivent \u00eatre adress\u00e9es par mail au CRMA \u2013 <\/span><\/span><span style=\"color: #0563c1;\"><u><a href=\"mailto:administration@meuseaval.be\"><span style=\"font-family: Arial, sans-serif;\"><span style=\"font-size: medium;\">administration@meuseaval.be<\/span><\/span><\/a><\/u><\/span><span style=\"font-family: Arial, sans-serif;\"><span style=\"font-size: medium;\"> (085\/712655) <\/span><\/span><span style=\"font-family: Arial, sans-serif;\"><span style=\"font-size: medium;\"><b>avant le <\/b><\/span><\/span><span style=\"font-family: Arial, sans-serif;\"><span style=\"font-size: medium;\"><b>10 <\/b><\/span><\/span><span style=\"font-family: Arial, sans-serif;\"><span style=\"font-size: medium;\"><u><b>juin 202<\/b><\/u><\/span><\/span><span style=\"font-family: Arial, sans-serif;\"><span style=\"font-size: medium;\"><u><b>2<\/b><\/u><\/span><\/span><span style=\"font-family: Arial, sans-serif;\"><span style=\"font-size: medium;\"><u><b>.<\/b><\/u><\/span><\/span><\/p>\n<p class=\"western\" lang=\"fr-BE\" align=\"justify\"><span style=\"font-family: Arial, sans-serif;\"><span style=\"font-size: medium;\">Un entretien en visioconf\u00e9rence sera organis\u00e9 pour op\u00e9rer la s\u00e9lection des candidats, une adresse mail fonctionnelle doit donc obligatoirement nous \u00eatre fournie lors de l\u2019acte de candidature.<\/span><\/span><\/p>\n","protected":false},"excerpt":{"rendered":"Durant la p\u00e9riode d\u2019\u00e9t\u00e9, le Contrat de Rivi\u00e8re Meuse Aval et affluents (CRMA) coordonne des chantiers de gestion de la Balsamine de l\u2019Himalaya (plante invasive) sur l\u2019ensemble de son bassin. Pour aider les membres de la cellule de coordination, le CRMA engage 5 \u00e9tudiants jobistes. Description de la mission\u00a0: Ces chantiers consistent en l\u2019arrachage syst\u00e9matique [&hellip;]","protected":false},"author":2,"featured_media":8573,"comment_status":"closed","ping_status":"closed","sticky":false,"template":"","format":"standard","meta":{"_acf_changed":false,"footnotes":""},"categories":[71],"tags":[],"class_list":["post-8572","post","type-post","status-publish","format-standard","has-post-thumbnail","hentry","category-depuis-la-maison-communale"],"acf":[],"_links":{"self":[{"href":"https:\/\/www.kelmis.be\/fr\/wp-json\/wp\/v2\/posts\/8572","targetHints":{"allow":["GET"]}}],"collection":[{"href":"https:\/\/www.kelmis.be\/fr\/wp-json\/wp\/v2\/posts"}],"about":[{"href":"https:\/\/www.kelmis.be\/fr\/wp-json\/wp\/v2\/types\/post"}],"author":[{"embeddable":true,"href":"https:\/\/www.kelmis.be\/fr\/wp-json\/wp\/v2\/users\/2"}],"replies":[{"embeddable":true,"href":"https:\/\/www.kelmis.be\/fr\/wp-json\/wp\/v2\/comments?post=8572"}],"version-history":[{"count":1,"href":"https:\/\/www.kelmis.be\/fr\/wp-json\/wp\/v2\/posts\/8572\/revisions"}],"predecessor-version":[{"id":8574,"href":"https:\/\/www.kelmis.be\/fr\/wp-json\/wp\/v2\/posts\/8572\/revisions\/8574"}],"wp:featuredmedia":[{"embeddable":true,"href":"https:\/\/www.kelmis.be\/fr\/wp-json\/wp\/v2\/media\/8573"}],"wp:attachment":[{"href":"https:\/\/www.kelmis.be\/fr\/wp-json\/wp\/v2\/media?parent=8572"}],"wp:term":[{"taxonomy":"category","embeddable":true,"href":"https:\/\/www.kelmis.be\/fr\/wp-json\/wp\/v2\/categories?post=8572"},{"taxonomy":"post_tag","embeddable":true,"href":"https:\/\/www.kelmis.be\/fr\/wp-json\/wp\/v2\/tags?post=8572"}],"curies":[{"name":"wp","href":"https:\/\/api.w.org\/{rel}","templated":true}]}}