{"id":8544,"date":"2022-05-05T17:29:54","date_gmt":"2022-05-05T15:29:54","guid":{"rendered":"https:\/\/www.kelmis.be\/?p=8544"},"modified":"2022-05-05T17:30:24","modified_gmt":"2022-05-05T15:30:24","slug":"comportement-a-adopter-lors-de-courses-cyclistes","status":"publish","type":"post","link":"https:\/\/www.kelmis.be\/fr\/depuis-la-maison-communale\/comportement-a-adopter-lors-de-courses-cyclistes","title":{"rendered":"Comportement \u00e0 adopter lors de courses cyclistes"},"content":{"rendered":"<p>Dans les semaines \u00e0 venir, plusieurs courses cyclistes vont \u00e0 sillonner les routes de la Communaut\u00e9 germanophone.<\/p>\n<p>En raison de l&rsquo;actualit\u00e9, les zones de police Vesdre-Gueule et Eifel souhaitent rappeler aux usagers de la route le comportement \u00e0 adopter sur la voie publique lors d&rsquo;un tel \u00e9v\u00e9nement.<\/p>\n<p>La course est toujours pr\u00e9c\u00e9d\u00e9e d&rsquo;un v\u00e9hicule de police avec gyrophare et sir\u00e8ne allum\u00e9s. Peu de temps apr\u00e8s, le v\u00e9hicule d&rsquo;ouverture suit, muni d&rsquo;un drapeau rouge, du panneau de signalisation A51 (signal de danger) ainsi que de l&rsquo;inscription \u00ab\u00a0COURSE-RENNEN\u00a0\u00bb sur le toit. Cela signifie pour les usagers de la route :<br \/>\nArr\u00eater imm\u00e9diatement le v\u00e9hicule et attendre jusqu&rsquo;\u00e0 ce que le v\u00e9hicule de queue, muni d&rsquo;un drapeau vert, soit pass\u00e9. Ce n&rsquo;est qu&rsquo;\u00e0 ce moment-l\u00e0 que la conduite peut \u00eatre poursuivie.<br \/>\nLes usagers de la route ne sont pas autoris\u00e9s \u00e0 couper une course de v\u00e9lo en traversant par exemple une route ou un carrefour. Cette r\u00e8gle s&rsquo;applique aussi aux pi\u00e9tons.<br \/>\nAux principaux carrefours, la police r\u00e9gulera la circulation. Des commissaires de route seront pr\u00e9sents aux petits carrefours. Il est imp\u00e9ratif de suivre leurs instructions.<\/p>\n","protected":false},"excerpt":{"rendered":"Dans les semaines \u00e0 venir, plusieurs courses cyclistes vont \u00e0 sillonner les routes de la Communaut\u00e9 germanophone. En raison de l&rsquo;actualit\u00e9, les zones de police Vesdre-Gueule et Eifel souhaitent rappeler aux usagers de la route le comportement \u00e0 adopter sur la voie publique lors d&rsquo;un tel \u00e9v\u00e9nement. La course est toujours pr\u00e9c\u00e9d\u00e9e d&rsquo;un v\u00e9hicule de [&hellip;]","protected":false},"author":2,"featured_media":8545,"comment_status":"closed","ping_status":"closed","sticky":false,"template":"","format":"standard","meta":{"_acf_changed":false,"footnotes":""},"categories":[71],"tags":[],"class_list":["post-8544","post","type-post","status-publish","format-standard","has-post-thumbnail","hentry","category-depuis-la-maison-communale"],"acf":[],"_links":{"self":[{"href":"https:\/\/www.kelmis.be\/fr\/wp-json\/wp\/v2\/posts\/8544","targetHints":{"allow":["GET"]}}],"collection":[{"href":"https:\/\/www.kelmis.be\/fr\/wp-json\/wp\/v2\/posts"}],"about":[{"href":"https:\/\/www.kelmis.be\/fr\/wp-json\/wp\/v2\/types\/post"}],"author":[{"embeddable":true,"href":"https:\/\/www.kelmis.be\/fr\/wp-json\/wp\/v2\/users\/2"}],"replies":[{"embeddable":true,"href":"https:\/\/www.kelmis.be\/fr\/wp-json\/wp\/v2\/comments?post=8544"}],"version-history":[{"count":1,"href":"https:\/\/www.kelmis.be\/fr\/wp-json\/wp\/v2\/posts\/8544\/revisions"}],"predecessor-version":[{"id":8546,"href":"https:\/\/www.kelmis.be\/fr\/wp-json\/wp\/v2\/posts\/8544\/revisions\/8546"}],"wp:featuredmedia":[{"embeddable":true,"href":"https:\/\/www.kelmis.be\/fr\/wp-json\/wp\/v2\/media\/8545"}],"wp:attachment":[{"href":"https:\/\/www.kelmis.be\/fr\/wp-json\/wp\/v2\/media?parent=8544"}],"wp:term":[{"taxonomy":"category","embeddable":true,"href":"https:\/\/www.kelmis.be\/fr\/wp-json\/wp\/v2\/categories?post=8544"},{"taxonomy":"post_tag","embeddable":true,"href":"https:\/\/www.kelmis.be\/fr\/wp-json\/wp\/v2\/tags?post=8544"}],"curies":[{"name":"wp","href":"https:\/\/api.w.org\/{rel}","templated":true}]}}