{"id":8537,"date":"2022-05-03T14:04:33","date_gmt":"2022-05-03T12:04:33","guid":{"rendered":"https:\/\/www.kelmis.be\/?p=8537"},"modified":"2022-05-03T14:04:33","modified_gmt":"2022-05-03T12:04:33","slug":"enquete-publique-concernant-des-zones-de-prevention","status":"publish","type":"post","link":"https:\/\/www.kelmis.be\/fr\/depuis-la-maison-communale\/enquete-publique-concernant-des-zones-de-prevention","title":{"rendered":"Enqu\u00eate publique concernant des zones de pr\u00e9vention"},"content":{"rendered":"<p>Dans le cadre de l\u2019\u00e9tablissement des zones de pr\u00e9vention rapproch\u00e9es et \u00e9loign\u00e9es de l\u2019ouvrage de prise d\u2019eau souterraine d\u00e9nomm\u00e9 \u00ab Puits Eyneburg \u00bb et \u00ab Waldborn D1 \u00bb sis sur le territoire de La Calamine (cat\u00e9gorie B) est organis\u00e9e une enqu\u00eate publique.<\/p>\n<p>Le dossier est consultable \u00e0 l\u2019Administration communale de La Calamine \u2013 Service environnement &#8211; rue de l\u2019Eglise, 31 \u00e0 partir de la date de d\u00e9but jusqu\u2019\u00e0 la fin de l\u2019enqu\u00eate publique et ce uniquement sur rendez-vous aupr\u00e8s du service environnement.<\/p>\n<p>Vos observations \u00e9crites peuvent \u00eatre transmises, au plus tard pour le dernier jour de l\u2019enqu\u00eate au Service environnement de l\u2019administration communale de La Calamine \u2013 rue de l\u2019Eglise, 31 \u00e0 4720 La Calamine ou par mail.<\/p>\n<p>Les observations verbales sont recueillies sur rendez-vous par l\u2019agent communal d\u00e9l\u00e9gu\u00e9 \u00e0 cet effet.<\/p>\n","protected":false},"excerpt":{"rendered":"Dans le cadre de l\u2019\u00e9tablissement des zones de pr\u00e9vention rapproch\u00e9es et \u00e9loign\u00e9es de l\u2019ouvrage de prise d\u2019eau souterraine d\u00e9nomm\u00e9 \u00ab Puits Eyneburg \u00bb et \u00ab Waldborn D1 \u00bb sis sur le territoire de La Calamine (cat\u00e9gorie B) est organis\u00e9e une enqu\u00eate publique. Le dossier est consultable \u00e0 l\u2019Administration communale de La Calamine \u2013 Service environnement [&hellip;]","protected":false},"author":2,"featured_media":8538,"comment_status":"closed","ping_status":"closed","sticky":false,"template":"","format":"standard","meta":{"_acf_changed":false,"footnotes":""},"categories":[71],"tags":[],"class_list":["post-8537","post","type-post","status-publish","format-standard","has-post-thumbnail","hentry","category-depuis-la-maison-communale"],"acf":[],"_links":{"self":[{"href":"https:\/\/www.kelmis.be\/fr\/wp-json\/wp\/v2\/posts\/8537","targetHints":{"allow":["GET"]}}],"collection":[{"href":"https:\/\/www.kelmis.be\/fr\/wp-json\/wp\/v2\/posts"}],"about":[{"href":"https:\/\/www.kelmis.be\/fr\/wp-json\/wp\/v2\/types\/post"}],"author":[{"embeddable":true,"href":"https:\/\/www.kelmis.be\/fr\/wp-json\/wp\/v2\/users\/2"}],"replies":[{"embeddable":true,"href":"https:\/\/www.kelmis.be\/fr\/wp-json\/wp\/v2\/comments?post=8537"}],"version-history":[{"count":1,"href":"https:\/\/www.kelmis.be\/fr\/wp-json\/wp\/v2\/posts\/8537\/revisions"}],"predecessor-version":[{"id":8539,"href":"https:\/\/www.kelmis.be\/fr\/wp-json\/wp\/v2\/posts\/8537\/revisions\/8539"}],"wp:featuredmedia":[{"embeddable":true,"href":"https:\/\/www.kelmis.be\/fr\/wp-json\/wp\/v2\/media\/8538"}],"wp:attachment":[{"href":"https:\/\/www.kelmis.be\/fr\/wp-json\/wp\/v2\/media?parent=8537"}],"wp:term":[{"taxonomy":"category","embeddable":true,"href":"https:\/\/www.kelmis.be\/fr\/wp-json\/wp\/v2\/categories?post=8537"},{"taxonomy":"post_tag","embeddable":true,"href":"https:\/\/www.kelmis.be\/fr\/wp-json\/wp\/v2\/tags?post=8537"}],"curies":[{"name":"wp","href":"https:\/\/api.w.org\/{rel}","templated":true}]}}