{"id":8490,"date":"2022-04-25T15:09:10","date_gmt":"2022-04-25T13:09:10","guid":{"rendered":"https:\/\/www.kelmis.be\/?p=8490"},"modified":"2022-04-25T15:18:51","modified_gmt":"2022-04-25T13:18:51","slug":"lien-pour-la-retransmission-en-direct-du-conseil-participation-citoyenne-a-lordre-du-jour","status":"publish","type":"post","link":"https:\/\/www.kelmis.be\/fr\/depuis-la-maison-communale\/lien-pour-la-retransmission-en-direct-du-conseil-participation-citoyenne-a-lordre-du-jour","title":{"rendered":"Lien pour la retransmission en direct du conseil &#8211; Participation citoyenne \u00e0 l&rsquo;ordre du jour"},"content":{"rendered":"<p><span lang=\"en-US\">Notre conseil communal se penche ce soir (20h dans la salle du conseil de la maison communale) sur la cr\u00e9ation d&rsquo;un fonds de participation citoyenne. Par le biais de ce fonds communal, qui b\u00e9n\u00e9ficiera d&rsquo;une subvention annuelle de 25.000 euros sur la p\u00e9riode 2022-2024, une offre de participation citoyenne doit \u00eatre mise en place dans notre commune. Toute personne souhaitant soumettre un projet doit suivre un catalogue de r\u00e8gles. L&rsquo;article 2 est particuli\u00e8rement important : <\/span><span style=\"font-family: Liberation Serif, serif;\"><span lang=\"en-US\">\u00ab<\/span><\/span> <span lang=\"en-US\">Les projets doivent pr\u00e9senter un int\u00e9r\u00eat pour la commune, avoir une dimension collective ou participative et proposer des actions concr\u00e8tes ayant un impact positif sur l&rsquo;environnement, la dimension sociale ou le cadre de vie sur le territoire de la commune de La Calamine. Les projets qui couvrent simultan\u00e9ment ces trois th\u00e8mes seront privil\u00e9gi\u00e9s. <\/span><span style=\"font-family: Liberation Serif, serif;\"><span lang=\"en-US\">\u00bb<\/span><\/span><span lang=\"en-US\"><br \/>\nL&rsquo;administration communale examinera la recevabilit\u00e9 des projets. Un jury sera en outre constitu\u00e9. Celui-ci se compose de cinq experts pour les th\u00e8mes concern\u00e9s. Le conseil communal nommera les membres du jury. L&rsquo;appel \u00e0 projets sera lanc\u00e9 avant la fin du mois de juin. Des contacts ont d\u00e9j\u00e0 \u00e9t\u00e9 pris avec des membres potentiels du jury.<br \/>\nNous informerons de l&rsquo;\u00e9volution du projet sur notre site web et notre page Facebook.<\/span><\/p>\n<p><span lang=\"en-US\">La s\u00e9ance est retransmise en direct sur <strong><a href=\"https:\/\/youtu.be\/QAmLHiAQgOI\">notre cha\u00eene Youtube.<\/a><\/strong><\/span><\/p>\n","protected":false},"excerpt":{"rendered":"Notre conseil communal se penche ce soir (20h dans la salle du conseil de la maison communale) sur la cr\u00e9ation d&rsquo;un fonds de participation citoyenne. Par le biais de ce fonds communal, qui b\u00e9n\u00e9ficiera d&rsquo;une subvention annuelle de 25.000 euros sur la p\u00e9riode 2022-2024, une offre de participation citoyenne doit \u00eatre mise en place dans [&hellip;]","protected":false},"author":2,"featured_media":8491,"comment_status":"closed","ping_status":"closed","sticky":false,"template":"","format":"standard","meta":{"_acf_changed":false,"footnotes":""},"categories":[71],"tags":[],"class_list":["post-8490","post","type-post","status-publish","format-standard","has-post-thumbnail","hentry","category-depuis-la-maison-communale"],"acf":[],"_links":{"self":[{"href":"https:\/\/www.kelmis.be\/fr\/wp-json\/wp\/v2\/posts\/8490","targetHints":{"allow":["GET"]}}],"collection":[{"href":"https:\/\/www.kelmis.be\/fr\/wp-json\/wp\/v2\/posts"}],"about":[{"href":"https:\/\/www.kelmis.be\/fr\/wp-json\/wp\/v2\/types\/post"}],"author":[{"embeddable":true,"href":"https:\/\/www.kelmis.be\/fr\/wp-json\/wp\/v2\/users\/2"}],"replies":[{"embeddable":true,"href":"https:\/\/www.kelmis.be\/fr\/wp-json\/wp\/v2\/comments?post=8490"}],"version-history":[{"count":1,"href":"https:\/\/www.kelmis.be\/fr\/wp-json\/wp\/v2\/posts\/8490\/revisions"}],"predecessor-version":[{"id":8492,"href":"https:\/\/www.kelmis.be\/fr\/wp-json\/wp\/v2\/posts\/8490\/revisions\/8492"}],"wp:featuredmedia":[{"embeddable":true,"href":"https:\/\/www.kelmis.be\/fr\/wp-json\/wp\/v2\/media\/8491"}],"wp:attachment":[{"href":"https:\/\/www.kelmis.be\/fr\/wp-json\/wp\/v2\/media?parent=8490"}],"wp:term":[{"taxonomy":"category","embeddable":true,"href":"https:\/\/www.kelmis.be\/fr\/wp-json\/wp\/v2\/categories?post=8490"},{"taxonomy":"post_tag","embeddable":true,"href":"https:\/\/www.kelmis.be\/fr\/wp-json\/wp\/v2\/tags?post=8490"}],"curies":[{"name":"wp","href":"https:\/\/api.w.org\/{rel}","templated":true}]}}