{"id":8483,"date":"2022-04-25T14:42:26","date_gmt":"2022-04-25T12:42:26","guid":{"rendered":"https:\/\/www.kelmis.be\/?p=8483"},"modified":"2022-04-25T14:42:26","modified_gmt":"2022-04-25T12:42:26","slug":"loffice-du-tourisme-ferme-ce-mardi","status":"publish","type":"post","link":"https:\/\/www.kelmis.be\/fr\/depuis-la-maison-communale\/loffice-du-tourisme-ferme-ce-mardi","title":{"rendered":"L&rsquo;Office du tourisme ferm\u00e9 ce mardi"},"content":{"rendered":"<p>En raison d&rsquo;une journ\u00e9e d&rsquo;\u00e9tude des Offices du tourisme de la Communaut\u00e9 germanophone, l\u2019Office du Tourisme de la place de l&rsquo;<span style=\"font-family: Liberation Serif, serif;\">\u00c9<\/span>glise sera ferm\u00e9 mardi. Le mercredi, il sera \u00e0 nouveau ouvert de 9h \u00e0 14h.<\/p>\n","protected":false},"excerpt":{"rendered":"En raison d&rsquo;une journ\u00e9e d&rsquo;\u00e9tude des Offices du tourisme de la Communaut\u00e9 germanophone, l\u2019Office du Tourisme de la place de l&rsquo;\u00c9glise sera ferm\u00e9 mardi. Le mercredi, il sera \u00e0 nouveau ouvert de 9h \u00e0 14h.","protected":false},"author":2,"featured_media":8484,"comment_status":"closed","ping_status":"closed","sticky":false,"template":"","format":"standard","meta":{"_acf_changed":false,"footnotes":""},"categories":[71],"tags":[],"class_list":["post-8483","post","type-post","status-publish","format-standard","has-post-thumbnail","hentry","category-depuis-la-maison-communale"],"acf":[],"_links":{"self":[{"href":"https:\/\/www.kelmis.be\/fr\/wp-json\/wp\/v2\/posts\/8483","targetHints":{"allow":["GET"]}}],"collection":[{"href":"https:\/\/www.kelmis.be\/fr\/wp-json\/wp\/v2\/posts"}],"about":[{"href":"https:\/\/www.kelmis.be\/fr\/wp-json\/wp\/v2\/types\/post"}],"author":[{"embeddable":true,"href":"https:\/\/www.kelmis.be\/fr\/wp-json\/wp\/v2\/users\/2"}],"replies":[{"embeddable":true,"href":"https:\/\/www.kelmis.be\/fr\/wp-json\/wp\/v2\/comments?post=8483"}],"version-history":[{"count":1,"href":"https:\/\/www.kelmis.be\/fr\/wp-json\/wp\/v2\/posts\/8483\/revisions"}],"predecessor-version":[{"id":8485,"href":"https:\/\/www.kelmis.be\/fr\/wp-json\/wp\/v2\/posts\/8483\/revisions\/8485"}],"wp:featuredmedia":[{"embeddable":true,"href":"https:\/\/www.kelmis.be\/fr\/wp-json\/wp\/v2\/media\/8484"}],"wp:attachment":[{"href":"https:\/\/www.kelmis.be\/fr\/wp-json\/wp\/v2\/media?parent=8483"}],"wp:term":[{"taxonomy":"category","embeddable":true,"href":"https:\/\/www.kelmis.be\/fr\/wp-json\/wp\/v2\/categories?post=8483"},{"taxonomy":"post_tag","embeddable":true,"href":"https:\/\/www.kelmis.be\/fr\/wp-json\/wp\/v2\/tags?post=8483"}],"curies":[{"name":"wp","href":"https:\/\/api.w.org\/{rel}","templated":true}]}}