{"id":8435,"date":"2022-04-15T13:30:26","date_gmt":"2022-04-15T11:30:26","guid":{"rendered":"https:\/\/www.kelmis.be\/?p=8435"},"modified":"2022-04-15T22:18:02","modified_gmt":"2022-04-15T20:18:02","slug":"demain-rallye-photo-pascal-dans-le-parc-communal","status":"publish","type":"post","link":"https:\/\/www.kelmis.be\/fr\/actualite-dans-la-commune\/demain-rallye-photo-pascal-dans-le-parc-communal","title":{"rendered":"Demain rallye-photo pascal dans le parc communal"},"content":{"rendered":"<p><span style=\"font-family: Arial, sans-serif;\">Demain, \u00e0 l&rsquo;invitation de l&rsquo;\u00e9chevine Nadine Rotheudt, une promenade familiale (rallye photo) aura lieu dans notre commune. Le coup d&rsquo;envoi de cette passionnante manifestation de P\u00e2ques sera donn\u00e9 dans le parc communal \u00e0 10 heures. La participation est possible jusqu&rsquo;\u00e0 14 heures.<br \/>\nUne surprise attend chaque enfant \u00e0 la fin du parcours. Les participants sont libres de choisir le moment exact o\u00f9 ils souhaitent effectuer le rallye avec leur(s) enfant(s).<br \/>\n\u00c0 leur arriv\u00e9e au parc, les participants re\u00e7oivent une liste d&rsquo;objets qu&rsquo;ils peuvent trouver dans le village et photographier tout au long du parcours. <\/span><span style=\"font-family: Arial, sans-serif;\">Le Lapin de P\u00e2ques sera de la partie \u00e9videmment.<\/span><span style=\"font-family: Arial, sans-serif;\"><br \/>\nLe conseil <\/span><span style=\"font-family: Arial, sans-serif;\">pour le<\/span><span style=\"font-family: Arial, sans-serif;\">s personnes handicap\u00e9es invite les participants ensuite \u00e0 prendre un verre ou un<\/span><span style=\"font-family: Arial, sans-serif;\">e petite collation<\/span><span style=\"font-family: Arial, sans-serif;\"> \u00e0 un prix d\u00e9mocratique dans le parc. Le bar est assur\u00e9 par le conseil et le KLJ Patro La Calamine. Le Patro maquille aussi les enfants.<\/span><\/p>\n","protected":false},"excerpt":{"rendered":"Demain, \u00e0 l&rsquo;invitation de l&rsquo;\u00e9chevine Nadine Rotheudt, une promenade familiale (rallye photo) aura lieu dans notre commune. Le coup d&rsquo;envoi de cette passionnante manifestation de P\u00e2ques sera donn\u00e9 dans le parc communal \u00e0 10 heures. La participation est possible jusqu&rsquo;\u00e0 14 heures. Une surprise attend chaque enfant \u00e0 la fin du parcours. Les participants sont [&hellip;]","protected":false},"author":2,"featured_media":8437,"comment_status":"closed","ping_status":"closed","sticky":false,"template":"","format":"standard","meta":{"_acf_changed":false,"footnotes":""},"categories":[70],"tags":[],"class_list":["post-8435","post","type-post","status-publish","format-standard","has-post-thumbnail","hentry","category-actualite-dans-la-commune"],"acf":[],"_links":{"self":[{"href":"https:\/\/www.kelmis.be\/fr\/wp-json\/wp\/v2\/posts\/8435","targetHints":{"allow":["GET"]}}],"collection":[{"href":"https:\/\/www.kelmis.be\/fr\/wp-json\/wp\/v2\/posts"}],"about":[{"href":"https:\/\/www.kelmis.be\/fr\/wp-json\/wp\/v2\/types\/post"}],"author":[{"embeddable":true,"href":"https:\/\/www.kelmis.be\/fr\/wp-json\/wp\/v2\/users\/2"}],"replies":[{"embeddable":true,"href":"https:\/\/www.kelmis.be\/fr\/wp-json\/wp\/v2\/comments?post=8435"}],"version-history":[{"count":6,"href":"https:\/\/www.kelmis.be\/fr\/wp-json\/wp\/v2\/posts\/8435\/revisions"}],"predecessor-version":[{"id":8452,"href":"https:\/\/www.kelmis.be\/fr\/wp-json\/wp\/v2\/posts\/8435\/revisions\/8452"}],"wp:featuredmedia":[{"embeddable":true,"href":"https:\/\/www.kelmis.be\/fr\/wp-json\/wp\/v2\/media\/8437"}],"wp:attachment":[{"href":"https:\/\/www.kelmis.be\/fr\/wp-json\/wp\/v2\/media?parent=8435"}],"wp:term":[{"taxonomy":"category","embeddable":true,"href":"https:\/\/www.kelmis.be\/fr\/wp-json\/wp\/v2\/categories?post=8435"},{"taxonomy":"post_tag","embeddable":true,"href":"https:\/\/www.kelmis.be\/fr\/wp-json\/wp\/v2\/tags?post=8435"}],"curies":[{"name":"wp","href":"https:\/\/api.w.org\/{rel}","templated":true}]}}