{"id":8397,"date":"2022-04-07T12:43:42","date_gmt":"2022-04-07T10:43:42","guid":{"rendered":"https:\/\/www.kelmis.be\/?p=8397"},"modified":"2022-04-11T12:35:17","modified_gmt":"2022-04-11T10:35:17","slug":"deux-armoires-a-livres-publiques-a-la-calamine-et-hergenrath","status":"publish","type":"post","link":"https:\/\/www.kelmis.be\/fr\/actualite-dans-la-commune\/deux-armoires-a-livres-publiques-a-la-calamine-et-hergenrath","title":{"rendered":"Deux armoires \u00e0 livres publiques \u00e0 La Calamine et Hergenrath"},"content":{"rendered":"<p><span style=\"font-family: Arial, serif;\"><span style=\"font-size: medium;\">Depuis le d\u00e9but du mois d\u2019avril, deux armoires \u00e0 livres publiques sont mises \u00e0 la disposition de la population dans la commune de La Calamine.<\/span><\/span><\/p>\n<p><span style=\"font-family: Arial, serif;\"><span style=\"font-size: medium;\">L\u2019une d\u2019elles se trouve dans le parc communal \u00e0 La Calamine (pr\u00e8s du bateau des pirates) et l\u2019autre se situe dans la plaine de jeux <\/span><\/span><span style=\"font-family: Arial, serif;\"><span style=\"font-size: medium;\"><span style=\"font-family: Liberation Serif, serif;\">\u00ab<\/span> An der Alten Kirche <span style=\"font-family: Liberation Serif, serif;\">\u00bb <\/span><\/span><\/span><span style=\"font-family: Arial, serif;\"><span style=\"font-size: medium;\">\u00e0 Hergenrath. Elles proposent toutes deux des imagiers, des livres tant pour enfants,que pour jeunes et adultes.<\/span><\/span><\/p>\n<p><span style=\"font-family: Arial, serif;\"><span style=\"font-size: medium;\">S\u2018il vous prend l\u2019envie de vous reposer apr\u00e8s une ballade ou une s\u00e9ance de jeux avec vos enfants ou petits-enfants, venez jeter un coup d\u2019oeil! <\/span><\/span><\/p>\n<p><span style=\"font-family: Arial, serif;\"><span style=\"font-size: medium;\">Un livre vous para\u00eet int\u00e9ressant? Emportez-le gratuitement et lisez-le \u00e0 votre aise chez vous. Vous pouvez ensuite le ramener ou vous le passez \u00e0 un autre lecteur. Vous pouvez \u00e9galement d\u00e9poser un livre personnel en bon \u00e9tat, \u00e9dit\u00e9 apr\u00e8s 2000, dans une des armoires \u00e0 livres. <\/span><\/span><\/p>\n<p><span style=\"font-family: Arial, serif;\"><span style=\"font-size: medium;\">Le Conseil pour le Vivre Ensemble La Calamine &amp; Urban Stark, artiste, vous souhaitent bonne lecture!<\/span><\/span><\/p>\n<p><span style=\"font-family: Arial, serif;\"><span style=\"font-size: medium;\">Plus d\u2019informations : <\/span><\/span><span style=\"color: #0563c1;\"><u><span style=\"color: #000000;\"><span style=\"font-family: Arial, serif;\"><span style=\"font-size: medium;\"><a href=\"mailto:buch@rfz.kelmis.be\">buch@rfz.kelmis.be<\/a> <\/span><\/span><\/span><\/u><\/span><\/p>\n<p>&nbsp;<\/p>\n","protected":false},"excerpt":{"rendered":"Depuis le d\u00e9but du mois d\u2019avril, deux armoires \u00e0 livres publiques sont mises \u00e0 la disposition de la population dans la commune de La Calamine. L\u2019une d\u2019elles se trouve dans le parc communal \u00e0 La Calamine (pr\u00e8s du bateau des pirates) et l\u2019autre se situe dans la plaine de jeux \u00ab An der Alten Kirche [&hellip;]","protected":false},"author":2,"featured_media":8398,"comment_status":"closed","ping_status":"closed","sticky":false,"template":"","format":"standard","meta":{"_acf_changed":false,"footnotes":""},"categories":[70],"tags":[],"class_list":["post-8397","post","type-post","status-publish","format-standard","has-post-thumbnail","hentry","category-actualite-dans-la-commune"],"acf":[],"_links":{"self":[{"href":"https:\/\/www.kelmis.be\/fr\/wp-json\/wp\/v2\/posts\/8397","targetHints":{"allow":["GET"]}}],"collection":[{"href":"https:\/\/www.kelmis.be\/fr\/wp-json\/wp\/v2\/posts"}],"about":[{"href":"https:\/\/www.kelmis.be\/fr\/wp-json\/wp\/v2\/types\/post"}],"author":[{"embeddable":true,"href":"https:\/\/www.kelmis.be\/fr\/wp-json\/wp\/v2\/users\/2"}],"replies":[{"embeddable":true,"href":"https:\/\/www.kelmis.be\/fr\/wp-json\/wp\/v2\/comments?post=8397"}],"version-history":[{"count":6,"href":"https:\/\/www.kelmis.be\/fr\/wp-json\/wp\/v2\/posts\/8397\/revisions"}],"predecessor-version":[{"id":8408,"href":"https:\/\/www.kelmis.be\/fr\/wp-json\/wp\/v2\/posts\/8397\/revisions\/8408"}],"wp:featuredmedia":[{"embeddable":true,"href":"https:\/\/www.kelmis.be\/fr\/wp-json\/wp\/v2\/media\/8398"}],"wp:attachment":[{"href":"https:\/\/www.kelmis.be\/fr\/wp-json\/wp\/v2\/media?parent=8397"}],"wp:term":[{"taxonomy":"category","embeddable":true,"href":"https:\/\/www.kelmis.be\/fr\/wp-json\/wp\/v2\/categories?post=8397"},{"taxonomy":"post_tag","embeddable":true,"href":"https:\/\/www.kelmis.be\/fr\/wp-json\/wp\/v2\/tags?post=8397"}],"curies":[{"name":"wp","href":"https:\/\/api.w.org\/{rel}","templated":true}]}}