{"id":8388,"date":"2022-04-04T13:39:55","date_gmt":"2022-04-04T11:39:55","guid":{"rendered":"https:\/\/www.kelmis.be\/?p=8388"},"modified":"2022-04-04T13:39:55","modified_gmt":"2022-04-04T11:39:55","slug":"pensez-aux-delais-pour-lautorisation-devenements","status":"publish","type":"post","link":"https:\/\/www.kelmis.be\/fr\/depuis-la-maison-communale\/pensez-aux-delais-pour-lautorisation-devenements","title":{"rendered":"Pensez aux d\u00e9lais pour l&rsquo;autorisation d&rsquo;\u00e9v\u00e9nements !"},"content":{"rendered":"<p>Rappel important pour tous ceux qui souhaitent organiser un \u00e9v\u00e9nement dans notre commune : Pour tous les \u00e9v\u00e9nements publics ext\u00e9rieurs, une autorisation du bourgmestre est n\u00e9cessaire. Celle-ci doit \u00eatre demand\u00e9e trois mois avant la date de l&rsquo;\u00e9v\u00e9nement. Notre secr\u00e9tariat (<a href=\"mailto:verwaltung@kelmis.be\">verwaltung@kelmis.be<\/a>) envoie alors au demandeur une fiche de s\u00e9curit\u00e9 que l&rsquo;organisateur doit remplir et renvoyer. Outre l&rsquo;autorisation du bourgmestre, une expertise est \u00e9galement r\u00e9alis\u00e9e par les services de s\u00e9curit\u00e9, ce qui explique le d\u00e9lai de trois mois.<br \/>\nLe d\u00e9lai de trois mois \u00e0 respecter et l&rsquo;obligation d&rsquo;une fiche de s\u00e9curit\u00e9 s&rsquo;appliquent \u00e9galement aux \u00e9v\u00e9nements publics en int\u00e9rieur. Ces manifestations sont soumises \u00e0 une obligation de d\u00e9claration.<\/p>\n","protected":false},"excerpt":{"rendered":"Rappel important pour tous ceux qui souhaitent organiser un \u00e9v\u00e9nement dans notre commune : Pour tous les \u00e9v\u00e9nements publics ext\u00e9rieurs, une autorisation du bourgmestre est n\u00e9cessaire. Celle-ci doit \u00eatre demand\u00e9e trois mois avant la date de l&rsquo;\u00e9v\u00e9nement. Notre secr\u00e9tariat (verwaltung@kelmis.be) envoie alors au demandeur une fiche de s\u00e9curit\u00e9 que l&rsquo;organisateur doit remplir et renvoyer. Outre [&hellip;]","protected":false},"author":2,"featured_media":7386,"comment_status":"closed","ping_status":"closed","sticky":false,"template":"","format":"standard","meta":{"_acf_changed":false,"footnotes":""},"categories":[71],"tags":[],"class_list":["post-8388","post","type-post","status-publish","format-standard","has-post-thumbnail","hentry","category-depuis-la-maison-communale"],"acf":[],"_links":{"self":[{"href":"https:\/\/www.kelmis.be\/fr\/wp-json\/wp\/v2\/posts\/8388","targetHints":{"allow":["GET"]}}],"collection":[{"href":"https:\/\/www.kelmis.be\/fr\/wp-json\/wp\/v2\/posts"}],"about":[{"href":"https:\/\/www.kelmis.be\/fr\/wp-json\/wp\/v2\/types\/post"}],"author":[{"embeddable":true,"href":"https:\/\/www.kelmis.be\/fr\/wp-json\/wp\/v2\/users\/2"}],"replies":[{"embeddable":true,"href":"https:\/\/www.kelmis.be\/fr\/wp-json\/wp\/v2\/comments?post=8388"}],"version-history":[{"count":1,"href":"https:\/\/www.kelmis.be\/fr\/wp-json\/wp\/v2\/posts\/8388\/revisions"}],"predecessor-version":[{"id":8389,"href":"https:\/\/www.kelmis.be\/fr\/wp-json\/wp\/v2\/posts\/8388\/revisions\/8389"}],"wp:featuredmedia":[{"embeddable":true,"href":"https:\/\/www.kelmis.be\/fr\/wp-json\/wp\/v2\/media\/7386"}],"wp:attachment":[{"href":"https:\/\/www.kelmis.be\/fr\/wp-json\/wp\/v2\/media?parent=8388"}],"wp:term":[{"taxonomy":"category","embeddable":true,"href":"https:\/\/www.kelmis.be\/fr\/wp-json\/wp\/v2\/categories?post=8388"},{"taxonomy":"post_tag","embeddable":true,"href":"https:\/\/www.kelmis.be\/fr\/wp-json\/wp\/v2\/tags?post=8388"}],"curies":[{"name":"wp","href":"https:\/\/api.w.org\/{rel}","templated":true}]}}