{"id":8339,"date":"2022-03-31T14:09:23","date_gmt":"2022-03-31T12:09:23","guid":{"rendered":"https:\/\/www.kelmis.be\/?p=8339"},"modified":"2022-03-31T14:09:23","modified_gmt":"2022-03-31T12:09:23","slug":"bilan-de-la-premiere-phase-des-cameras-de-surveillance","status":"publish","type":"post","link":"https:\/\/www.kelmis.be\/fr\/depuis-la-maison-communale\/bilan-de-la-premiere-phase-des-cameras-de-surveillance","title":{"rendered":"Bilan de la premi\u00e8re phase des cam\u00e9ras de surveillance"},"content":{"rendered":"<p lang=\"fr-BE\">Dans le cadre d&rsquo;une conf\u00e9rence de presse, le commissa<span style=\"color: #000000;\">ire<\/span> Fr\u00e9deric Herzet, notre collaborateur G\u00fcnther Havenith en tant qu\u2019 agent constatateur <span style=\"color: #000000;\">en environnement<\/span> et le bourgmestre Luc Frank ont pr\u00e9sent\u00e9 jeudi matin le bilan de la premi\u00e8re phase de mise en place de cam\u00e9ras de surveillance dans notre commune.<\/p>\n<p lang=\"de-DE\">Au cours de cette premi\u00e8re phase, trois sites ont \u00e9t\u00e9 \u00e9quip\u00e9s de l&rsquo;appareillage ad\u00e9quat : le carrefour de la rue de Li\u00e8ge et de la rue de l&rsquo;\u00c9glise, le terrain de la Coul et la place de l&rsquo;\u00c9glise. Les enregistrements des cam\u00e9ras sont directement visionn\u00e9s par les coll\u00e8gues du commissariat de La Calamine pendant les heures de bureau. Au-del\u00e0 de cette plage horaire, les coll\u00e8gues du poste de commande \u00e0 Eupen prennent le relais.<\/p>\n<p lang=\"de-DE\">En outre, la commune dispose depuis d\u00e9cembre 2021 de deux cam\u00e9ras mobiles. L&rsquo;une d&rsquo;entre elles est utilis\u00e9e par la police ponctuellement pour \u00e9lucider les d\u00e9lits p\u00e9naux les plus divers (vols, d\u00e9gradations, etc.), l&rsquo;autre sert \u00e0 lutter contre les d\u00e9lits environnementaux.<\/p>\n<p><span lang=\"de-DE\">Le bilan de ces cam\u00e9ras de surveillance est tr\u00e8s satisfaisant. <\/span><span lang=\"fr-BE\">Selon le <\/span><span style=\"color: #000000;\"><span lang=\"fr-BE\">commissaire<\/span><\/span><span lang=\"fr-BE\"> Fr\u00e9deric Herzet, les cam\u00e9ras ont une plus-value op\u00e9rationnelle et une plus-value en termes d&rsquo;\u00e9lucidation. <\/span><span lang=\"de-DE\">\u00ab Au moins une ou deux fois par semaine, nous visionnons les images et les comparons avec les rapports \u00bb, explique Fr\u00e9deric Herzet. Il peut s&rsquo;agir d&rsquo;accidents avec d\u00e9lit de fuite, de vols \u00e0 l&rsquo;\u00e9talage, de violences ou de d\u00e9gradations. Les cam\u00e9ras et l&rsquo;examen direct des images permettent \u00e9galement d&rsquo;assister la police en temps r\u00e9el lors d&rsquo;interventions. \u00ab Par exemple, lors d&rsquo;une dispute entre jeunes sur la rue de Li\u00e8ge, les coll\u00e8gues sur le terrain ont pu \u00eatre inform\u00e9s imm\u00e9diatement de l&rsquo;identit\u00e9 des auteurs \u00bb, rapporte Fr\u00e9deric Herzet.<\/span><\/p>\n<p><span lang=\"de-DE\">Les cam\u00e9ras ont \u00e9galement fait leurs preuves dans la lutte contre les d\u00e9lits environnementaux. <\/span><span lang=\"fr-BE\">Depuis l&rsquo;introduction des deux cam\u00e9ras mobiles en d\u00e9cembre 2021, 19 proc\u00e8s-verbaux ont pu \u00eatre dress\u00e9s <\/span><span style=\"color: #000000;\"><span lang=\"fr-BE\">dans le cadre de d\u00e9lits environnementaux <\/span><\/span><span lang=\"fr-BE\">(pour la plupart des d\u00e9p\u00f4ts d&rsquo;ordures ill<\/span><span style=\"color: #000000;\"><span lang=\"fr-BE\">icites<\/span><\/span><span lang=\"fr-BE\">). Notre commune dispose, en la personne de G\u00fcnther Havenith, du seul agent constatateur e<\/span><span style=\"color: #000000;\"><span lang=\"fr-BE\">n environnement<\/span><\/span><span lang=\"fr-BE\"> de la Communaut\u00e9 germanophone. Les proc\u00e8s-verbaux sont transmis au parquet qui agit lui-m\u00eame ou transmet le dossier au fonctionnaire sanctionnateur r\u00e9gional Sylvie Hilgers ou au fonctionnaire sanctionnateur communal Guy <\/span><span style=\"color: #000000;\"><span lang=\"fr-BE\">Ue<\/span><\/span><span lang=\"fr-BE\">rlings. <\/span><span lang=\"de-DE\">Les sanctions ne sont pas n\u00e9gligeables et peuvent aller jusqu&rsquo;\u00e0 100.000 euros en mati\u00e8re d&rsquo;amende. Des peines de prison allant jusqu&rsquo;\u00e0 six mois sont \u00e9galement possibles. Sans parler des 230 euros de frais d&rsquo;\u00e9limination obligatoires. \u00ab Le taux d&rsquo;\u00e9lucidation est extr\u00eamement \u00e9lev\u00e9 \u00bb, rapporte G\u00fcnther Havenith, qui travaille en tr\u00e8s \u00e9troite collaboration avec la police. C&rsquo;est lui qui d\u00e9cide des endroits o\u00f9 les cam\u00e9ras mobiles sont plac\u00e9es. \u00ab Je sais o\u00f9 il se passe quelque chose \u00bb, explique G\u00fcnther Havenith.<\/span><\/p>\n","protected":false},"excerpt":{"rendered":"Dans le cadre d&rsquo;une conf\u00e9rence de presse, le commissaire Fr\u00e9deric Herzet, notre collaborateur G\u00fcnther Havenith en tant qu\u2019 agent constatateur en environnement et le bourgmestre Luc Frank ont pr\u00e9sent\u00e9 jeudi matin le bilan de la premi\u00e8re phase de mise en place de cam\u00e9ras de surveillance dans notre commune. Au cours de cette premi\u00e8re phase, trois [&hellip;]","protected":false},"author":2,"featured_media":8340,"comment_status":"closed","ping_status":"closed","sticky":false,"template":"","format":"standard","meta":{"_acf_changed":false,"footnotes":""},"categories":[71],"tags":[],"class_list":["post-8339","post","type-post","status-publish","format-standard","has-post-thumbnail","hentry","category-depuis-la-maison-communale"],"acf":[],"_links":{"self":[{"href":"https:\/\/www.kelmis.be\/fr\/wp-json\/wp\/v2\/posts\/8339","targetHints":{"allow":["GET"]}}],"collection":[{"href":"https:\/\/www.kelmis.be\/fr\/wp-json\/wp\/v2\/posts"}],"about":[{"href":"https:\/\/www.kelmis.be\/fr\/wp-json\/wp\/v2\/types\/post"}],"author":[{"embeddable":true,"href":"https:\/\/www.kelmis.be\/fr\/wp-json\/wp\/v2\/users\/2"}],"replies":[{"embeddable":true,"href":"https:\/\/www.kelmis.be\/fr\/wp-json\/wp\/v2\/comments?post=8339"}],"version-history":[{"count":1,"href":"https:\/\/www.kelmis.be\/fr\/wp-json\/wp\/v2\/posts\/8339\/revisions"}],"predecessor-version":[{"id":8341,"href":"https:\/\/www.kelmis.be\/fr\/wp-json\/wp\/v2\/posts\/8339\/revisions\/8341"}],"wp:featuredmedia":[{"embeddable":true,"href":"https:\/\/www.kelmis.be\/fr\/wp-json\/wp\/v2\/media\/8340"}],"wp:attachment":[{"href":"https:\/\/www.kelmis.be\/fr\/wp-json\/wp\/v2\/media?parent=8339"}],"wp:term":[{"taxonomy":"category","embeddable":true,"href":"https:\/\/www.kelmis.be\/fr\/wp-json\/wp\/v2\/categories?post=8339"},{"taxonomy":"post_tag","embeddable":true,"href":"https:\/\/www.kelmis.be\/fr\/wp-json\/wp\/v2\/tags?post=8339"}],"curies":[{"name":"wp","href":"https:\/\/api.w.org\/{rel}","templated":true}]}}