{"id":8215,"date":"2022-02-22T14:45:03","date_gmt":"2022-02-22T13:45:03","guid":{"rendered":"https:\/\/www.kelmis.be\/?p=8215"},"modified":"2022-02-22T14:45:03","modified_gmt":"2022-02-22T13:45:03","slug":"bassin-pour-bebes-et-bassin-dapprentissage-rouvrent-demain","status":"publish","type":"post","link":"https:\/\/www.kelmis.be\/fr\/actualite-dans-la-commune\/bassin-pour-bebes-et-bassin-dapprentissage-rouvrent-demain","title":{"rendered":"Bassin pour b\u00e9b\u00e9s et bassin d&rsquo;apprentissage rouvrent demain"},"content":{"rendered":"<p><span style=\"font-size: medium;\"><span style=\"font-family: Arial, sans-serif;\">De bonnes nouvelles provenant de notre piscine communale : les travaux de r\u00e9paration du bassin pour b\u00e9b\u00e9s et du bassin d&rsquo;apprentissage ont \u00e9t\u00e9 achev\u00e9s avec succ\u00e8s. D\u00e8s mercredi, les bassins pourront \u00e0 nouveau \u00eatre utilis\u00e9s aux heures d&rsquo;ouverture habituelles: le lundi de 9 \u00e0 16 heures, le mardi de 9 \u00e0 12 heures et de 14 \u00e0 20 heures, le mercredi de 9 \u00e0 20 heures, le jeudi et le vendredi de 9 \u00e0 12 heures et de 14 \u00e0 20 heures, le samedi et le dimanche ainsi que les jours f\u00e9ri\u00e9s de 9 \u00e0 14 heures. Nous nous r\u00e9jouissons de votre visite ! <\/span><\/span><\/p>\n","protected":false},"excerpt":{"rendered":"De bonnes nouvelles provenant de notre piscine communale : les travaux de r\u00e9paration du bassin pour b\u00e9b\u00e9s et du bassin d&rsquo;apprentissage ont \u00e9t\u00e9 achev\u00e9s avec succ\u00e8s. D\u00e8s mercredi, les bassins pourront \u00e0 nouveau \u00eatre utilis\u00e9s aux heures d&rsquo;ouverture habituelles: le lundi de 9 \u00e0 16 heures, le mardi de 9 \u00e0 12 heures et de [&hellip;]","protected":false},"author":2,"featured_media":8216,"comment_status":"closed","ping_status":"closed","sticky":false,"template":"","format":"standard","meta":{"_acf_changed":false,"footnotes":""},"categories":[70],"tags":[],"class_list":["post-8215","post","type-post","status-publish","format-standard","has-post-thumbnail","hentry","category-actualite-dans-la-commune"],"acf":[],"_links":{"self":[{"href":"https:\/\/www.kelmis.be\/fr\/wp-json\/wp\/v2\/posts\/8215","targetHints":{"allow":["GET"]}}],"collection":[{"href":"https:\/\/www.kelmis.be\/fr\/wp-json\/wp\/v2\/posts"}],"about":[{"href":"https:\/\/www.kelmis.be\/fr\/wp-json\/wp\/v2\/types\/post"}],"author":[{"embeddable":true,"href":"https:\/\/www.kelmis.be\/fr\/wp-json\/wp\/v2\/users\/2"}],"replies":[{"embeddable":true,"href":"https:\/\/www.kelmis.be\/fr\/wp-json\/wp\/v2\/comments?post=8215"}],"version-history":[{"count":1,"href":"https:\/\/www.kelmis.be\/fr\/wp-json\/wp\/v2\/posts\/8215\/revisions"}],"predecessor-version":[{"id":8217,"href":"https:\/\/www.kelmis.be\/fr\/wp-json\/wp\/v2\/posts\/8215\/revisions\/8217"}],"wp:featuredmedia":[{"embeddable":true,"href":"https:\/\/www.kelmis.be\/fr\/wp-json\/wp\/v2\/media\/8216"}],"wp:attachment":[{"href":"https:\/\/www.kelmis.be\/fr\/wp-json\/wp\/v2\/media?parent=8215"}],"wp:term":[{"taxonomy":"category","embeddable":true,"href":"https:\/\/www.kelmis.be\/fr\/wp-json\/wp\/v2\/categories?post=8215"},{"taxonomy":"post_tag","embeddable":true,"href":"https:\/\/www.kelmis.be\/fr\/wp-json\/wp\/v2\/tags?post=8215"}],"curies":[{"name":"wp","href":"https:\/\/api.w.org\/{rel}","templated":true}]}}