{"id":8185,"date":"2022-02-18T16:33:57","date_gmt":"2022-02-18T15:33:57","guid":{"rendered":"https:\/\/www.kelmis.be\/?p=8185"},"modified":"2022-02-18T16:33:57","modified_gmt":"2022-02-18T15:33:57","slug":"maria-dubail-mise-a-lhonneur","status":"publish","type":"post","link":"https:\/\/www.kelmis.be\/fr\/depuis-la-maison-communale\/maria-dubail-mise-a-lhonneur","title":{"rendered":"Maria Dubail mise \u00e0 l&rsquo;honneur"},"content":{"rendered":"<p lang=\"de-DE\">Vendredi midi, Maria Dubail a \u00e9t\u00e9 honor\u00e9e pour ses 25 ans de service en tant que surveillante de r\u00e9cr\u00e9ation et ancienne aide de cuisine \u00e0 l&rsquo;\u00e9cole communale de La Calamine. Le bourgmestre Luc Frank et la responsable du personnel Laura Laschet ont remis \u00e0 Maria, dans le refectoire, une enveloppe contenant des bons d&rsquo;achat d&rsquo;une valeur de 250 euros.<br \/>\nMaria Dubail avait d\u00e9but\u00e9 \u00e0 l&rsquo;\u00e9cole communale en 1996 sous la direction de Marcel Henn. Elle a commenc\u00e9 comme surveillante de r\u00e9cr\u00e9ation, puis est pass\u00e9e \u00e0 la cuisine sous la direction du cuisinier Nico Volders et est maintenant \u00e0 nouveau en service dans la cour de r\u00e9cr\u00e9ation depuis quelques ann\u00e9es. <span style=\"font-family: Liberation Serif, serif;\">\u00ab<\/span> Tu as toujours fait r\u00e9gner l&rsquo;ordre et la loi <span style=\"font-family: Liberation Serif, serif;\">\u00bb<\/span>, a expliqu\u00e9 Luc Frank dans son discours de remerciement. <span style=\"font-family: Liberation Serif, serif;\">\u00ab<\/span> Tous les enfants ici te connaissent, avec ton talkie-walkie et ton gilet clair. <span style=\"font-family: Liberation Serif, serif;\">\u00bb<\/span><br \/>\nMaria Dubail, originaire de Hergenrath, est \u00e2g\u00e9e de 61 ans. Elle a trois enfants : Nathalie (43 ans), Fr\u00e9d\u00e9ric (40 ans) et Patrick (39 ans). Elle vient d&rsquo;une famille nombreuse de neuf enfants. Sa m\u00e8re Erna \u00e9tait originaire de Honsfeld, son p\u00e8re Joseph d&rsquo;Eupen. La famille habitait \u00e0 Schampelheide. Le 11 mars, Maria f\u00eatera son 62e anniversaire. Elle se rendra alors \u00e0 Verviers avec ses s\u0153urs dans un restaurant chinois. Elle ne sait pas combien de temps elle continuera \u00e0 assurer la surveillance \u00e0 l&rsquo;\u00e9cole communale. <span style=\"font-family: Liberation Serif, serif;\">\u00ab<\/span> Tant que ma sant\u00e9 me le permettra, je continuerai. <span style=\"font-family: Liberation Serif, serif;\">\u00bb<\/span><\/p>\n","protected":false},"excerpt":{"rendered":"Vendredi midi, Maria Dubail a \u00e9t\u00e9 honor\u00e9e pour ses 25 ans de service en tant que surveillante de r\u00e9cr\u00e9ation et ancienne aide de cuisine \u00e0 l&rsquo;\u00e9cole communale de La Calamine. Le bourgmestre Luc Frank et la responsable du personnel Laura Laschet ont remis \u00e0 Maria, dans le refectoire, une enveloppe contenant des bons d&rsquo;achat d&rsquo;une [&hellip;]","protected":false},"author":2,"featured_media":8186,"comment_status":"closed","ping_status":"closed","sticky":false,"template":"","format":"standard","meta":{"_acf_changed":false,"footnotes":""},"categories":[71],"tags":[],"class_list":["post-8185","post","type-post","status-publish","format-standard","has-post-thumbnail","hentry","category-depuis-la-maison-communale"],"acf":[],"_links":{"self":[{"href":"https:\/\/www.kelmis.be\/fr\/wp-json\/wp\/v2\/posts\/8185","targetHints":{"allow":["GET"]}}],"collection":[{"href":"https:\/\/www.kelmis.be\/fr\/wp-json\/wp\/v2\/posts"}],"about":[{"href":"https:\/\/www.kelmis.be\/fr\/wp-json\/wp\/v2\/types\/post"}],"author":[{"embeddable":true,"href":"https:\/\/www.kelmis.be\/fr\/wp-json\/wp\/v2\/users\/2"}],"replies":[{"embeddable":true,"href":"https:\/\/www.kelmis.be\/fr\/wp-json\/wp\/v2\/comments?post=8185"}],"version-history":[{"count":1,"href":"https:\/\/www.kelmis.be\/fr\/wp-json\/wp\/v2\/posts\/8185\/revisions"}],"predecessor-version":[{"id":8191,"href":"https:\/\/www.kelmis.be\/fr\/wp-json\/wp\/v2\/posts\/8185\/revisions\/8191"}],"wp:featuredmedia":[{"embeddable":true,"href":"https:\/\/www.kelmis.be\/fr\/wp-json\/wp\/v2\/media\/8186"}],"wp:attachment":[{"href":"https:\/\/www.kelmis.be\/fr\/wp-json\/wp\/v2\/media?parent=8185"}],"wp:term":[{"taxonomy":"category","embeddable":true,"href":"https:\/\/www.kelmis.be\/fr\/wp-json\/wp\/v2\/categories?post=8185"},{"taxonomy":"post_tag","embeddable":true,"href":"https:\/\/www.kelmis.be\/fr\/wp-json\/wp\/v2\/tags?post=8185"}],"curies":[{"name":"wp","href":"https:\/\/api.w.org\/{rel}","templated":true}]}}