{"id":8172,"date":"2022-02-16T17:02:54","date_gmt":"2022-02-16T16:02:54","guid":{"rendered":"https:\/\/www.kelmis.be\/?p=8172"},"modified":"2022-02-16T17:28:36","modified_gmt":"2022-02-16T16:28:36","slug":"latelier-creatif-a-une-nouvelle-directrice-et-un-nouveau-site-web","status":"publish","type":"post","link":"https:\/\/www.kelmis.be\/fr\/actualite-dans-la-commune\/latelier-creatif-a-une-nouvelle-directrice-et-un-nouveau-site-web","title":{"rendered":"L&rsquo;Atelier cr\u00e9atif a une nouvelle directrice et un nouveau site web"},"content":{"rendered":"<p>L&rsquo;Atelier cr\u00e9atif de La Calamine s&rsquo;est r\u00e9organis\u00e9 : \u00a0Claudia Vogel dirige l&rsquo;Atelier cr\u00e9atif depuis fin octobre 2021 et y a fait souffler un vent de fra\u00eecheur. Certains observateurs attentifs l&rsquo;auront d\u00e9j\u00e0 vu : L&rsquo;Atelier cr\u00e9atif de La Calamine se pr\u00e9sente via un nouveau site web au design moderne, avec un syst\u00e8me de r\u00e9servation de cours : <strong><a href=\"http:\/\/kreativesatelier.be\">kreativesatelier.be<\/a><\/strong><br \/>\nClaudia Vogel a ajout\u00e9 de nouveaux cours au programme : m\u00e9ditation (vendredi, 10h-11h), couture (lundi, 10h-12h), yoga (mercredi, 9h30-10h30), photographie (jeudi, une fois par mois, \u00e0 partir de 19h30), peinture acrylique (mercredi, 18h-19h30), fleuristerie (une fois par mois, jeudi, \u00e0 partir de 19h). Pour les enfants \u00e0 partir de 10 ans, un cours de peinture est propos\u00e9 le vendredi (16h30-18h). Les enfants r\u00e9alisent leur journal de mani\u00e8re cr\u00e9ative et individuelle. Pour les enfants de trois \u00e0 six ans, l&rsquo;activit\u00e9 <span style=\"font-family: Liberation Serif, serif;\">\u00ab<\/span> Lire et s&rsquo;\u00e9merveiller <span style=\"font-family: Liberation Serif, serif;\">\u00bb<\/span> a lieu deux fois par mois le jeudi \u00e0 partir de 15h30 \u00e0 la biblioth\u00e8que de La Calamine. Des histoires et des contes sont lus de mani\u00e8re vivante et passionnante.<\/p>\n<p>La premi\u00e8re semaine de juillet, un atelier de th\u00e9\u00e2tre passionnant est au programme pour les enfants \u00e0 partir de dix ans.<br \/>\nL&rsquo;Atelier cr\u00e9atif est bas\u00e9 dans son propre atelier au centre culturel Select. Certaines offres ont lieu dans d&rsquo;autres locaux de la commune.<br \/>\n<span style=\"font-family: Liberation Serif, serif;\">\u00ab<\/span> Mon objectif est de proposer aux citoyens une offre vari\u00e9e dans le domaine de l&rsquo;art et du mouvement, ainsi que de superbes animations de vacances pour les plus petits <span style=\"font-family: Liberation Serif, serif;\">\u00bb<\/span>, explique Claudia Vogel. Elle est dessinatrice dipl\u00f4m\u00e9e et peintre. Actuellement, comme l&rsquo;ann\u00e9e derni\u00e8re, elle participe \u00e0 une installation expos\u00e9e au Kukuk.<\/p>\n","protected":false},"excerpt":{"rendered":"L&rsquo;Atelier cr\u00e9atif de La Calamine s&rsquo;est r\u00e9organis\u00e9 : \u00a0Claudia Vogel dirige l&rsquo;Atelier cr\u00e9atif depuis fin octobre 2021 et y a fait souffler un vent de fra\u00eecheur. Certains observateurs attentifs l&rsquo;auront d\u00e9j\u00e0 vu : L&rsquo;Atelier cr\u00e9atif de La Calamine se pr\u00e9sente via un nouveau site web au design moderne, avec un syst\u00e8me de r\u00e9servation de cours [&hellip;]","protected":false},"author":2,"featured_media":8173,"comment_status":"closed","ping_status":"closed","sticky":false,"template":"","format":"standard","meta":{"_acf_changed":false,"footnotes":""},"categories":[70],"tags":[],"class_list":["post-8172","post","type-post","status-publish","format-standard","has-post-thumbnail","hentry","category-actualite-dans-la-commune"],"acf":[],"_links":{"self":[{"href":"https:\/\/www.kelmis.be\/fr\/wp-json\/wp\/v2\/posts\/8172","targetHints":{"allow":["GET"]}}],"collection":[{"href":"https:\/\/www.kelmis.be\/fr\/wp-json\/wp\/v2\/posts"}],"about":[{"href":"https:\/\/www.kelmis.be\/fr\/wp-json\/wp\/v2\/types\/post"}],"author":[{"embeddable":true,"href":"https:\/\/www.kelmis.be\/fr\/wp-json\/wp\/v2\/users\/2"}],"replies":[{"embeddable":true,"href":"https:\/\/www.kelmis.be\/fr\/wp-json\/wp\/v2\/comments?post=8172"}],"version-history":[{"count":2,"href":"https:\/\/www.kelmis.be\/fr\/wp-json\/wp\/v2\/posts\/8172\/revisions"}],"predecessor-version":[{"id":8175,"href":"https:\/\/www.kelmis.be\/fr\/wp-json\/wp\/v2\/posts\/8172\/revisions\/8175"}],"wp:featuredmedia":[{"embeddable":true,"href":"https:\/\/www.kelmis.be\/fr\/wp-json\/wp\/v2\/media\/8173"}],"wp:attachment":[{"href":"https:\/\/www.kelmis.be\/fr\/wp-json\/wp\/v2\/media?parent=8172"}],"wp:term":[{"taxonomy":"category","embeddable":true,"href":"https:\/\/www.kelmis.be\/fr\/wp-json\/wp\/v2\/categories?post=8172"},{"taxonomy":"post_tag","embeddable":true,"href":"https:\/\/www.kelmis.be\/fr\/wp-json\/wp\/v2\/tags?post=8172"}],"curies":[{"name":"wp","href":"https:\/\/api.w.org\/{rel}","templated":true}]}}