{"id":7513,"date":"2022-02-06T16:31:50","date_gmt":"2022-02-06T15:31:50","guid":{"rendered":"https:\/\/www.kelmis.be\/?p=7513"},"modified":"2022-02-06T16:33:43","modified_gmt":"2022-02-06T15:33:43","slug":"seance-publique-du-conseil-dadministration-denodia","status":"publish","type":"post","link":"https:\/\/www.kelmis.be\/fr\/depuis-la-maison-communale\/seance-publique-du-conseil-dadministration-denodia","title":{"rendered":"S\u00e9ance publique du conseil d&rsquo;administration d&rsquo;Enodia le 16 f\u00e9vrier"},"content":{"rendered":"<p>L&rsquo;intercommunale Enodia tiendra une s\u00e9ance ouverte au public de son conseil d&rsquo;administration le mercredi 16 f\u00e9vrier \u00e0 11 heures \u00e0 son si\u00e8ge administratif. Au programme, le rapport d&rsquo;activit\u00e9s 2020. Tous les d\u00e9tails de la r\u00e9union sont disponibles dans la zone de t\u00e9l\u00e9chargement.<\/p>\n","protected":false},"excerpt":{"rendered":"L&rsquo;intercommunale Enodia tiendra une s\u00e9ance ouverte au public de son conseil d&rsquo;administration le mercredi 16 f\u00e9vrier \u00e0 11 heures \u00e0 son si\u00e8ge administratif. Au programme, le rapport d&rsquo;activit\u00e9s 2020. Tous les d\u00e9tails de la r\u00e9union sont disponibles dans la zone de t\u00e9l\u00e9chargement.","protected":false},"author":2,"featured_media":7511,"comment_status":"closed","ping_status":"closed","sticky":false,"template":"","format":"standard","meta":{"_acf_changed":false,"footnotes":""},"categories":[71],"tags":[],"class_list":["post-7513","post","type-post","status-publish","format-standard","has-post-thumbnail","hentry","category-depuis-la-maison-communale"],"acf":[],"_links":{"self":[{"href":"https:\/\/www.kelmis.be\/fr\/wp-json\/wp\/v2\/posts\/7513","targetHints":{"allow":["GET"]}}],"collection":[{"href":"https:\/\/www.kelmis.be\/fr\/wp-json\/wp\/v2\/posts"}],"about":[{"href":"https:\/\/www.kelmis.be\/fr\/wp-json\/wp\/v2\/types\/post"}],"author":[{"embeddable":true,"href":"https:\/\/www.kelmis.be\/fr\/wp-json\/wp\/v2\/users\/2"}],"replies":[{"embeddable":true,"href":"https:\/\/www.kelmis.be\/fr\/wp-json\/wp\/v2\/comments?post=7513"}],"version-history":[{"count":2,"href":"https:\/\/www.kelmis.be\/fr\/wp-json\/wp\/v2\/posts\/7513\/revisions"}],"predecessor-version":[{"id":7515,"href":"https:\/\/www.kelmis.be\/fr\/wp-json\/wp\/v2\/posts\/7513\/revisions\/7515"}],"wp:featuredmedia":[{"embeddable":true,"href":"https:\/\/www.kelmis.be\/fr\/wp-json\/wp\/v2\/media\/7511"}],"wp:attachment":[{"href":"https:\/\/www.kelmis.be\/fr\/wp-json\/wp\/v2\/media?parent=7513"}],"wp:term":[{"taxonomy":"category","embeddable":true,"href":"https:\/\/www.kelmis.be\/fr\/wp-json\/wp\/v2\/categories?post=7513"},{"taxonomy":"post_tag","embeddable":true,"href":"https:\/\/www.kelmis.be\/fr\/wp-json\/wp\/v2\/tags?post=7513"}],"curies":[{"name":"wp","href":"https:\/\/api.w.org\/{rel}","templated":true}]}}