{"id":7501,"date":"2022-02-06T16:11:27","date_gmt":"2022-02-06T15:11:27","guid":{"rendered":"https:\/\/www.kelmis.be\/?p=7501"},"modified":"2022-02-06T16:22:31","modified_gmt":"2022-02-06T15:22:31","slug":"le-cpas-cherche-des-benevoles-pour-le-service-de-repas-a-domicile","status":"publish","type":"post","link":"https:\/\/www.kelmis.be\/fr\/actualite-dans-la-commune\/le-cpas-cherche-des-benevoles-pour-le-service-de-repas-a-domicile","title":{"rendered":"Le CPAS cherche des b\u00e9n\u00e9voles pour le service de repas \u00e0 domicile"},"content":{"rendered":"<p><span style=\"font-family: Arial, sans-serif;\">Vous aimez \u00eatre au service des autres, vous avez un peu de temps et vous pourriez envisager de nous aider?\u00a0<\/span><span style=\"font-family: Arial, sans-serif;\"><br \/>\n<\/span><span style=\"font-family: Arial, sans-serif;\">Le <\/span><span style=\"font-family: Arial, sans-serif;\">service de repas \u00e0 domic<\/span><span style=\"font-family: Arial, sans-serif;\">ile du CPAS <\/span><span style=\"font-family: Arial, sans-serif;\">fournit des repas frais chaque jour de la semaine aux personnes qui ne sont plus en mesure de cuisiner elles-m\u00eames.<br \/>\n<\/span><span style=\"font-family: Arial, sans-serif;\">Le <\/span><span style=\"font-family: Arial, sans-serif;\">service <\/span><span style=\"font-family: Arial, sans-serif;\">fonctionne <\/span><span style=\"font-family: Arial, sans-serif;\">du lundi au vendredi, de 10 \u00e0 14 heures.<br \/>\nUn permis de conduire de classe B est souhait\u00e9.<br \/>\nVous vous sentez concern\u00e9(e) ? Alors contactez-nous et rejoignez l&rsquo;\u00e9quipe du CPAS de La Calamine. Nos clients et nous-m\u00eames nous r\u00e9jouissons de chaque coup de main !<\/span><\/p>\n<p>&nbsp;<\/p>\n","protected":false},"excerpt":{"rendered":"Vous aimez \u00eatre au service des autres, vous avez un peu de temps et vous pourriez envisager de nous aider?\u00a0 Le service de repas \u00e0 domicile du CPAS fournit des repas frais chaque jour de la semaine aux personnes qui ne sont plus en mesure de cuisiner elles-m\u00eames. Le service fonctionne du lundi au vendredi, [&hellip;]","protected":false},"author":2,"featured_media":7496,"comment_status":"closed","ping_status":"closed","sticky":false,"template":"","format":"standard","meta":{"_acf_changed":false,"footnotes":""},"categories":[70],"tags":[],"class_list":["post-7501","post","type-post","status-publish","format-standard","has-post-thumbnail","hentry","category-actualite-dans-la-commune"],"acf":[],"_links":{"self":[{"href":"https:\/\/www.kelmis.be\/fr\/wp-json\/wp\/v2\/posts\/7501","targetHints":{"allow":["GET"]}}],"collection":[{"href":"https:\/\/www.kelmis.be\/fr\/wp-json\/wp\/v2\/posts"}],"about":[{"href":"https:\/\/www.kelmis.be\/fr\/wp-json\/wp\/v2\/types\/post"}],"author":[{"embeddable":true,"href":"https:\/\/www.kelmis.be\/fr\/wp-json\/wp\/v2\/users\/2"}],"replies":[{"embeddable":true,"href":"https:\/\/www.kelmis.be\/fr\/wp-json\/wp\/v2\/comments?post=7501"}],"version-history":[{"count":3,"href":"https:\/\/www.kelmis.be\/fr\/wp-json\/wp\/v2\/posts\/7501\/revisions"}],"predecessor-version":[{"id":7518,"href":"https:\/\/www.kelmis.be\/fr\/wp-json\/wp\/v2\/posts\/7501\/revisions\/7518"}],"wp:featuredmedia":[{"embeddable":true,"href":"https:\/\/www.kelmis.be\/fr\/wp-json\/wp\/v2\/media\/7496"}],"wp:attachment":[{"href":"https:\/\/www.kelmis.be\/fr\/wp-json\/wp\/v2\/media?parent=7501"}],"wp:term":[{"taxonomy":"category","embeddable":true,"href":"https:\/\/www.kelmis.be\/fr\/wp-json\/wp\/v2\/categories?post=7501"},{"taxonomy":"post_tag","embeddable":true,"href":"https:\/\/www.kelmis.be\/fr\/wp-json\/wp\/v2\/tags?post=7501"}],"curies":[{"name":"wp","href":"https:\/\/api.w.org\/{rel}","templated":true}]}}