{"id":7491,"date":"2022-02-02T19:24:09","date_gmt":"2022-02-02T18:24:09","guid":{"rendered":"https:\/\/www.kelmis.be\/?p=7491"},"modified":"2022-02-02T19:24:09","modified_gmt":"2022-02-02T18:24:09","slug":"expo-interactive-au-musee-vieille-montagne-participez-vous-aussi","status":"publish","type":"post","link":"https:\/\/www.kelmis.be\/fr\/evenement\/expo-interactive-au-musee-vieille-montagne-participez-vous-aussi","title":{"rendered":"Expo interactive au Mus\u00e9e Vieille Montagne &#8211; Participez, vous aussi!"},"content":{"rendered":"<p>Le Mus\u00e9e Vieille Montagne pr\u00e9pare, en collaboration avec Filippo Ciriani, une exposition intitul\u00e9e <span style=\"font-family: Liberation Serif, serif;\">\u00ab<\/span> Spiegelbild Kelmis &#8211; Facettes d&rsquo;un territoire <span style=\"font-family: Liberation Serif, serif;\">\u00bb<\/span>. Cette exposition sera pr\u00e9sent\u00e9e de septembre 2022 \u00e0 f\u00e9vrier 2023. Ciriani, un jeune artiste originaire de La Haye aux Pays-Bas, avait r\u00e9alis\u00e9 en 2019 \u00e0 La Calamine le projet photographique <span style=\"font-family: Liberation Serif, serif;\">\u00ab<\/span> Silent Canary <span style=\"font-family: Liberation Serif, serif;\">\u00bb<\/span>.<\/p>\n<p>Le mus\u00e9e souhaite inviter tous ceux qui se sentent li\u00e9s \u00e0 La Calamine \u00e0 participer activement \u00e0 cette exposition. Qu&rsquo;est-ce qui fait que le sol sur lequel vous vivez est votre terre ? Choisissez un objet qui exprime votre relation personnelle avec La Calamine, apportez-le au mus\u00e9e et prenez le temps de raconter l&rsquo;histoire ou l&rsquo;id\u00e9e qui lui est associ\u00e9e.<\/p>\n<p>La Calamine est marqu\u00e9e par une histoire avec un lien particuli\u00e8rement fort avec le sol. L&rsquo;exploitation mini\u00e8re a fa\u00e7onn\u00e9 la r\u00e9gion de La Calamine et ses environs, non seulement sur le plan \u00e9conomique, mais aussi sur le plan social et politique. Avec cette exposition, le mus\u00e9e veut refl\u00e9ter la diversit\u00e9 de la population actuelle et de son identit\u00e9.<\/p>\n<p>Le mus\u00e9e est joignable par t\u00e9l\u00e9phone (087\/65 75 04, du lundi au vendredi) ou par e-mail (celine.ruess@kelmis.be). Afin de remettre votre objet et de noter vos informations, un rendez-vous sera fix\u00e9. Votre objet sera ensuite expos\u00e9 avec un texte d&rsquo;accompagnement de septembre \u00e0 f\u00e9vrier. Il vous sera restitu\u00e9 \u00e0 la fin de l&rsquo;exposition.<\/p>\n","protected":false},"excerpt":{"rendered":"Le Mus\u00e9e Vieille Montagne pr\u00e9pare, en collaboration avec Filippo Ciriani, une exposition intitul\u00e9e \u00ab Spiegelbild Kelmis &#8211; Facettes d&rsquo;un territoire \u00bb. Cette exposition sera pr\u00e9sent\u00e9e de septembre 2022 \u00e0 f\u00e9vrier 2023. Ciriani, un jeune artiste originaire de La Haye aux Pays-Bas, avait r\u00e9alis\u00e9 en 2019 \u00e0 La Calamine le projet photographique \u00ab Silent Canary \u00bb. [&hellip;]","protected":false},"author":2,"featured_media":7489,"comment_status":"closed","ping_status":"closed","sticky":false,"template":"","format":"standard","meta":{"_acf_changed":false,"footnotes":""},"categories":[73],"tags":[],"class_list":["post-7491","post","type-post","status-publish","format-standard","has-post-thumbnail","hentry","category-evenement"],"acf":[],"_links":{"self":[{"href":"https:\/\/www.kelmis.be\/fr\/wp-json\/wp\/v2\/posts\/7491","targetHints":{"allow":["GET"]}}],"collection":[{"href":"https:\/\/www.kelmis.be\/fr\/wp-json\/wp\/v2\/posts"}],"about":[{"href":"https:\/\/www.kelmis.be\/fr\/wp-json\/wp\/v2\/types\/post"}],"author":[{"embeddable":true,"href":"https:\/\/www.kelmis.be\/fr\/wp-json\/wp\/v2\/users\/2"}],"replies":[{"embeddable":true,"href":"https:\/\/www.kelmis.be\/fr\/wp-json\/wp\/v2\/comments?post=7491"}],"version-history":[{"count":1,"href":"https:\/\/www.kelmis.be\/fr\/wp-json\/wp\/v2\/posts\/7491\/revisions"}],"predecessor-version":[{"id":7492,"href":"https:\/\/www.kelmis.be\/fr\/wp-json\/wp\/v2\/posts\/7491\/revisions\/7492"}],"wp:featuredmedia":[{"embeddable":true,"href":"https:\/\/www.kelmis.be\/fr\/wp-json\/wp\/v2\/media\/7489"}],"wp:attachment":[{"href":"https:\/\/www.kelmis.be\/fr\/wp-json\/wp\/v2\/media?parent=7491"}],"wp:term":[{"taxonomy":"category","embeddable":true,"href":"https:\/\/www.kelmis.be\/fr\/wp-json\/wp\/v2\/categories?post=7491"},{"taxonomy":"post_tag","embeddable":true,"href":"https:\/\/www.kelmis.be\/fr\/wp-json\/wp\/v2\/tags?post=7491"}],"curies":[{"name":"wp","href":"https:\/\/api.w.org\/{rel}","templated":true}]}}