{"id":7451,"date":"2022-01-27T20:38:56","date_gmt":"2022-01-27T19:38:56","guid":{"rendered":"https:\/\/www.kelmis.be\/?p=7451"},"modified":"2022-01-27T20:38:56","modified_gmt":"2022-01-27T19:38:56","slug":"action-damien-demarre-ce-vendredi","status":"publish","type":"post","link":"https:\/\/www.kelmis.be\/fr\/actualite-dans-la-commune\/action-damien-demarre-ce-vendredi","title":{"rendered":"Action Damien d\u00e9marre ce vendredi"},"content":{"rendered":"<p>\u00c0 partir de demain, l&rsquo;organisation humanitaire Action Damien collecte comme chaque ann\u00e9e des dons dans toute la Belgique pour la lutte contre la l\u00e8pre et la tuberculose. Si vous souhaitez vous aussi apporter votre soutien en faisaint un don ou en achetant des marqueurs, consultez toutes les informations <strong><a href=\"https:\/\/campagne.actiondamien.be.\">sur le site de l&rsquo;organisation<\/a><\/strong>.<\/p>\n<p>Photo: Layla Aerts<\/p>\n","protected":false},"excerpt":{"rendered":"\u00c0 partir de demain, l&rsquo;organisation humanitaire Action Damien collecte comme chaque ann\u00e9e des dons dans toute la Belgique pour la lutte contre la l\u00e8pre et la tuberculose. Si vous souhaitez vous aussi apporter votre soutien en faisaint un don ou en achetant des marqueurs, consultez toutes les informations sur le site de l&rsquo;organisation. Photo: Layla [&hellip;]","protected":false},"author":2,"featured_media":7449,"comment_status":"closed","ping_status":"closed","sticky":false,"template":"","format":"standard","meta":{"_acf_changed":false,"footnotes":""},"categories":[70],"tags":[],"class_list":["post-7451","post","type-post","status-publish","format-standard","has-post-thumbnail","hentry","category-actualite-dans-la-commune"],"acf":[],"_links":{"self":[{"href":"https:\/\/www.kelmis.be\/fr\/wp-json\/wp\/v2\/posts\/7451","targetHints":{"allow":["GET"]}}],"collection":[{"href":"https:\/\/www.kelmis.be\/fr\/wp-json\/wp\/v2\/posts"}],"about":[{"href":"https:\/\/www.kelmis.be\/fr\/wp-json\/wp\/v2\/types\/post"}],"author":[{"embeddable":true,"href":"https:\/\/www.kelmis.be\/fr\/wp-json\/wp\/v2\/users\/2"}],"replies":[{"embeddable":true,"href":"https:\/\/www.kelmis.be\/fr\/wp-json\/wp\/v2\/comments?post=7451"}],"version-history":[{"count":1,"href":"https:\/\/www.kelmis.be\/fr\/wp-json\/wp\/v2\/posts\/7451\/revisions"}],"predecessor-version":[{"id":7452,"href":"https:\/\/www.kelmis.be\/fr\/wp-json\/wp\/v2\/posts\/7451\/revisions\/7452"}],"wp:featuredmedia":[{"embeddable":true,"href":"https:\/\/www.kelmis.be\/fr\/wp-json\/wp\/v2\/media\/7449"}],"wp:attachment":[{"href":"https:\/\/www.kelmis.be\/fr\/wp-json\/wp\/v2\/media?parent=7451"}],"wp:term":[{"taxonomy":"category","embeddable":true,"href":"https:\/\/www.kelmis.be\/fr\/wp-json\/wp\/v2\/categories?post=7451"},{"taxonomy":"post_tag","embeddable":true,"href":"https:\/\/www.kelmis.be\/fr\/wp-json\/wp\/v2\/tags?post=7451"}],"curies":[{"name":"wp","href":"https:\/\/api.w.org\/{rel}","templated":true}]}}