{"id":7379,"date":"2022-01-19T18:32:41","date_gmt":"2022-01-19T17:32:41","guid":{"rendered":"https:\/\/www.kelmis.be\/?p=7379"},"modified":"2022-01-19T18:34:36","modified_gmt":"2022-01-19T17:34:36","slug":"chantier-de-desamiantage-permis-denvironnement","status":"publish","type":"post","link":"https:\/\/www.kelmis.be\/fr\/depuis-la-maison-communale\/chantier-de-desamiantage-permis-denvironnement","title":{"rendered":"Chantier de d\u00e9samiantage: demande de permis d\u2019environnement"},"content":{"rendered":"<p lang=\"fr-BE\"><span style=\"font-family: Arial, sans-serif;\"><span style=\"font-size: medium;\">Le coll\u00e8ge communal porte \u00e0 la connaissance de la population que la soci\u00e9t\u00e9 ARENO rue du Parc, 54 \u00e0 4300 Waremme a sollicit\u00e9 l\u2019autorisation d\u2019exploiter un chantier de d\u00e9samiantage d\u2019une habitation priv\u00e9e sise rue de la Gare, 33 \u00e0 4728 Hergenrath (22 m\u00e8tres courants d\u2019isolant de tuyauterie de chauffage). Dans le cadre de la proc\u00e9dure d\u2019\u00e9valuation une enqu\u00eate publique a lieu du 24 janvier au 7 f\u00e9vrier.<\/span><\/span><\/p>\n<p lang=\"fr-BE\"><span style=\"font-family: Arial, sans-serif;\"><span style=\"font-size: medium;\">Sur base de la v\u00e9rification du caract\u00e8re complet et de la recevabilit\u00e9 de la demande les effets potentiels sur l\u2019environnement ont \u00e9t\u00e9 \u00e9valu\u00e9s. Sur base de la description des activit\u00e9s, des d\u00e9p\u00f4ts et installations, ainsi que des mesures pr\u00e9vues, il peut \u00eatre consid\u00e9r\u00e9 que les effets sur l\u2019environnement ne sont pas consid\u00e9rables\u00a0:<\/span><\/span><\/p>\n<p lang=\"fr-BE\"><span style=\"font-family: Arial, sans-serif;\"><span style=\"font-size: medium;\">absence d\u2019effets cumulatifs\u00a0;<\/span><\/span><\/p>\n<p lang=\"fr-BE\"><span style=\"font-family: Arial, sans-serif;\"><span style=\"font-size: medium;\">faible consommation d\u2019eau\u00a0;<\/span><\/span><\/p>\n<p lang=\"fr-BE\"><span style=\"font-family: Arial, sans-serif;\"><span style=\"font-size: medium;\">faible \u00e9missions auditives et olfactives\u00a0;<\/span><\/span><\/p>\n<p lang=\"fr-BE\"><span style=\"font-family: Arial, sans-serif;\"><span style=\"font-size: medium;\">pas d\u2019effet sur la flore et la faune.<\/span><\/span><\/p>\n<p lang=\"fr-BE\"><span style=\"font-family: Arial, sans-serif;\"><span style=\"font-size: medium;\">Sur base de ces consid\u00e9rations, une \u00e9tude d\u2019incidence environnementale n\u2019est pas n\u00e9cessaire.<\/span><\/span><\/p>\n<p><span style=\"font-family: Arial, sans-serif;\"><span style=\"font-size: medium;\">Pour raisons sanitaires, le dossier ne peut \u00eatre consult\u00e9 que sur rendez-vous. Les \u00e9ventuelles remarques\/r\u00e9clamations doivent \u00eatre \u00e0 adress\u00e9es par \u00e9crit au coll\u00e8ge communal ou par mail \u00e0 guenther.havenith@kelmis.be.<\/span><\/span><\/p>\n","protected":false},"excerpt":{"rendered":"Le coll\u00e8ge communal porte \u00e0 la connaissance de la population que la soci\u00e9t\u00e9 ARENO rue du Parc, 54 \u00e0 4300 Waremme a sollicit\u00e9 l\u2019autorisation d\u2019exploiter un chantier de d\u00e9samiantage d\u2019une habitation priv\u00e9e sise rue de la Gare, 33 \u00e0 4728 Hergenrath (22 m\u00e8tres courants d\u2019isolant de tuyauterie de chauffage). Dans le cadre de la proc\u00e9dure [&hellip;]","protected":false},"author":2,"featured_media":6773,"comment_status":"closed","ping_status":"closed","sticky":false,"template":"","format":"standard","meta":{"_acf_changed":false,"footnotes":""},"categories":[71],"tags":[],"class_list":["post-7379","post","type-post","status-publish","format-standard","has-post-thumbnail","hentry","category-depuis-la-maison-communale"],"acf":[],"_links":{"self":[{"href":"https:\/\/www.kelmis.be\/fr\/wp-json\/wp\/v2\/posts\/7379","targetHints":{"allow":["GET"]}}],"collection":[{"href":"https:\/\/www.kelmis.be\/fr\/wp-json\/wp\/v2\/posts"}],"about":[{"href":"https:\/\/www.kelmis.be\/fr\/wp-json\/wp\/v2\/types\/post"}],"author":[{"embeddable":true,"href":"https:\/\/www.kelmis.be\/fr\/wp-json\/wp\/v2\/users\/2"}],"replies":[{"embeddable":true,"href":"https:\/\/www.kelmis.be\/fr\/wp-json\/wp\/v2\/comments?post=7379"}],"version-history":[{"count":2,"href":"https:\/\/www.kelmis.be\/fr\/wp-json\/wp\/v2\/posts\/7379\/revisions"}],"predecessor-version":[{"id":7381,"href":"https:\/\/www.kelmis.be\/fr\/wp-json\/wp\/v2\/posts\/7379\/revisions\/7381"}],"wp:featuredmedia":[{"embeddable":true,"href":"https:\/\/www.kelmis.be\/fr\/wp-json\/wp\/v2\/media\/6773"}],"wp:attachment":[{"href":"https:\/\/www.kelmis.be\/fr\/wp-json\/wp\/v2\/media?parent=7379"}],"wp:term":[{"taxonomy":"category","embeddable":true,"href":"https:\/\/www.kelmis.be\/fr\/wp-json\/wp\/v2\/categories?post=7379"},{"taxonomy":"post_tag","embeddable":true,"href":"https:\/\/www.kelmis.be\/fr\/wp-json\/wp\/v2\/tags?post=7379"}],"curies":[{"name":"wp","href":"https:\/\/api.w.org\/{rel}","templated":true}]}}