{"id":7368,"date":"2022-01-18T17:07:18","date_gmt":"2022-01-18T16:07:18","guid":{"rendered":"https:\/\/www.kelmis.be\/?p=7368"},"modified":"2022-01-27T20:06:50","modified_gmt":"2022-01-27T19:06:50","slug":"travaux-de-reparation-en-cours-a-la-piscine-communale","status":"publish","type":"post","link":"https:\/\/www.kelmis.be\/fr\/depuis-la-maison-communale\/travaux-de-reparation-en-cours-a-la-piscine-communale","title":{"rendered":"Travaux de r\u00e9paration en cours \u00e0 la piscine communale"},"content":{"rendered":"<p><span style=\"font-family: Arial, sans-serif;\"><span style=\"font-size: medium;\">Depuis le d\u00e9but de la semaine, les travaux de r\u00e9paration dans notre piscine communale sont en cours. Des carrelages s\u2019\u00e9taient r\u00e9cemment d\u00e9tach\u00e9s dans les bassins pour b\u00e9b\u00e9s et d&rsquo;apprentissage, ce qui avait entra\u00een\u00e9 leur fermeture pour des raisons de s\u00e9curit\u00e9. Les dommages font partie d&rsquo;une plainte d\u00e9pos\u00e9e par la R\u00e9gie communale autonome Galmei contre l&rsquo;entrepreneur.<\/span><\/span><\/p>\n<p>Les travaux de r\u00e9paration, qui sont effectu\u00e9s par l\u2019entreprise g\u00e9n\u00e9rale Pellikaan, devraient durer environ deux semaines, de sorte que les deux bassins pourraient probablement \u00eatre \u00e0 nouveau utilis\u00e9s vers la fin de la premi\u00e8re semaine de f\u00e9vrier voir mi-fevrier.<br \/>\nLes travaux n&rsquo;affecteront pas le fonctionnement du bassin sportif, qui est ouvert aux heures habituelles.<\/p>\n","protected":false},"excerpt":{"rendered":"Depuis le d\u00e9but de la semaine, les travaux de r\u00e9paration dans notre piscine communale sont en cours. Des carrelages s\u2019\u00e9taient r\u00e9cemment d\u00e9tach\u00e9s dans les bassins pour b\u00e9b\u00e9s et d&rsquo;apprentissage, ce qui avait entra\u00een\u00e9 leur fermeture pour des raisons de s\u00e9curit\u00e9. Les dommages font partie d&rsquo;une plainte d\u00e9pos\u00e9e par la R\u00e9gie communale autonome Galmei contre l&rsquo;entrepreneur. [&hellip;]","protected":false},"author":2,"featured_media":7366,"comment_status":"closed","ping_status":"closed","sticky":false,"template":"","format":"standard","meta":{"_acf_changed":false,"footnotes":""},"categories":[71],"tags":[],"class_list":["post-7368","post","type-post","status-publish","format-standard","has-post-thumbnail","hentry","category-depuis-la-maison-communale"],"acf":[],"_links":{"self":[{"href":"https:\/\/www.kelmis.be\/fr\/wp-json\/wp\/v2\/posts\/7368","targetHints":{"allow":["GET"]}}],"collection":[{"href":"https:\/\/www.kelmis.be\/fr\/wp-json\/wp\/v2\/posts"}],"about":[{"href":"https:\/\/www.kelmis.be\/fr\/wp-json\/wp\/v2\/types\/post"}],"author":[{"embeddable":true,"href":"https:\/\/www.kelmis.be\/fr\/wp-json\/wp\/v2\/users\/2"}],"replies":[{"embeddable":true,"href":"https:\/\/www.kelmis.be\/fr\/wp-json\/wp\/v2\/comments?post=7368"}],"version-history":[{"count":4,"href":"https:\/\/www.kelmis.be\/fr\/wp-json\/wp\/v2\/posts\/7368\/revisions"}],"predecessor-version":[{"id":7446,"href":"https:\/\/www.kelmis.be\/fr\/wp-json\/wp\/v2\/posts\/7368\/revisions\/7446"}],"wp:featuredmedia":[{"embeddable":true,"href":"https:\/\/www.kelmis.be\/fr\/wp-json\/wp\/v2\/media\/7366"}],"wp:attachment":[{"href":"https:\/\/www.kelmis.be\/fr\/wp-json\/wp\/v2\/media?parent=7368"}],"wp:term":[{"taxonomy":"category","embeddable":true,"href":"https:\/\/www.kelmis.be\/fr\/wp-json\/wp\/v2\/categories?post=7368"},{"taxonomy":"post_tag","embeddable":true,"href":"https:\/\/www.kelmis.be\/fr\/wp-json\/wp\/v2\/tags?post=7368"}],"curies":[{"name":"wp","href":"https:\/\/api.w.org\/{rel}","templated":true}]}}