{"id":7226,"date":"2021-12-10T16:30:32","date_gmt":"2021-12-10T15:30:32","guid":{"rendered":"https:\/\/www.kelmis.be\/?p=7226"},"modified":"2021-12-10T16:30:39","modified_gmt":"2021-12-10T15:30:39","slug":"lumieres-de-lavent-des-tracteurs-a-la-calamine-ce-17-decembre","status":"publish","type":"post","link":"https:\/\/www.kelmis.be\/fr\/evenement\/lumieres-de-lavent-des-tracteurs-a-la-calamine-ce-17-decembre","title":{"rendered":"\u00ab Lumi\u00e8res de l&rsquo;Avent des tracteurs \u00bb \u00e0 La Calamine ce 17 d\u00e9cembre"},"content":{"rendered":"<p>Le vendredi 17 d\u00e9cembre, les <span style=\"font-family: Liberation Serif, serif;\">\u00ab<\/span> lumi\u00e8res de l&rsquo;Avent des tracteurs <span style=\"font-family: Liberation Serif, serif;\">\u00bb<\/span> du <i>Gr\u00fcner Kreis<\/i> (<span style=\"font-family: Liberation Serif, serif;\">\u00ab<\/span> cercle vert <span style=\"font-family: Liberation Serif, serif;\">\u00bb<\/span>) feront halte dans notre commune. Gr\u00dbner kreis est une association pour les jeunes agriculteurs et les jeunes \u00e9leveurs de la DG. L&rsquo;ann\u00e9e derni\u00e8re, cette initiative, qui existe \u00e9galement dans le sud de la Communaut\u00e9 germanophone, avait f\u00eat\u00e9 sa premi\u00e8re. <span style=\"font-family: Liberation Serif, serif;\">\u00ab<\/span> Nous souhaitons apporter un peu de joie \u00e0 la population en cette p\u00e9riode de crise Covid-19 <span style=\"font-family: Liberation Serif, serif;\">\u00bb<\/span>, a expliqu\u00e9 Christoph Baum du <i>Gr\u00fcner Kreis<\/i>.<\/p>\n<p>Cette ann\u00e9e, le cort\u00e8ge des tracteurs commencera \u00e0 La Calamine ! Vers 17h15, 60 \u00e0 70 tracteurs d\u00e9cor\u00e9s partiront du terrain de la Coul et traverseront les quatre communes du nord de la Communaut\u00e9. Dans notre commune, le cort\u00e8ge passera par la rue des Carabiniers, rue Albert, rue de la Poste, place de l\u2019<span style=\"font-family: Liberation Serif, serif;\">\u00c9glise<\/span>, rue de l\u2019<span style=\"font-family: Liberation Serif, serif;\">\u00c9<\/span><span style=\"font-family: Liberation Serif, serif;\">glise<\/span>, rue de Li\u00e8ge, rue Altenberg et rue de la Gare. Le cort\u00e8ge se poursuit ensuite vers Hauset et se termine plus tard le soir \u00e0 Eupen. L&rsquo;ensemble du cort\u00e8ge dure environ quatre heures \u00e0 quatre heures et demie.<\/p>\n","protected":false},"excerpt":{"rendered":"Le vendredi 17 d\u00e9cembre, les \u00ab lumi\u00e8res de l&rsquo;Avent des tracteurs \u00bb du Gr\u00fcner Kreis (\u00ab cercle vert \u00bb) feront halte dans notre commune. Gr\u00dbner kreis est une association pour les jeunes agriculteurs et les jeunes \u00e9leveurs de la DG. L&rsquo;ann\u00e9e derni\u00e8re, cette initiative, qui existe \u00e9galement dans le sud de la Communaut\u00e9 germanophone, avait [&hellip;]","protected":false},"author":2,"featured_media":7224,"comment_status":"closed","ping_status":"closed","sticky":false,"template":"","format":"standard","meta":{"_acf_changed":false,"footnotes":""},"categories":[73],"tags":[],"class_list":["post-7226","post","type-post","status-publish","format-standard","has-post-thumbnail","hentry","category-evenement"],"acf":[],"_links":{"self":[{"href":"https:\/\/www.kelmis.be\/fr\/wp-json\/wp\/v2\/posts\/7226","targetHints":{"allow":["GET"]}}],"collection":[{"href":"https:\/\/www.kelmis.be\/fr\/wp-json\/wp\/v2\/posts"}],"about":[{"href":"https:\/\/www.kelmis.be\/fr\/wp-json\/wp\/v2\/types\/post"}],"author":[{"embeddable":true,"href":"https:\/\/www.kelmis.be\/fr\/wp-json\/wp\/v2\/users\/2"}],"replies":[{"embeddable":true,"href":"https:\/\/www.kelmis.be\/fr\/wp-json\/wp\/v2\/comments?post=7226"}],"version-history":[{"count":1,"href":"https:\/\/www.kelmis.be\/fr\/wp-json\/wp\/v2\/posts\/7226\/revisions"}],"predecessor-version":[{"id":7227,"href":"https:\/\/www.kelmis.be\/fr\/wp-json\/wp\/v2\/posts\/7226\/revisions\/7227"}],"wp:featuredmedia":[{"embeddable":true,"href":"https:\/\/www.kelmis.be\/fr\/wp-json\/wp\/v2\/media\/7224"}],"wp:attachment":[{"href":"https:\/\/www.kelmis.be\/fr\/wp-json\/wp\/v2\/media?parent=7226"}],"wp:term":[{"taxonomy":"category","embeddable":true,"href":"https:\/\/www.kelmis.be\/fr\/wp-json\/wp\/v2\/categories?post=7226"},{"taxonomy":"post_tag","embeddable":true,"href":"https:\/\/www.kelmis.be\/fr\/wp-json\/wp\/v2\/tags?post=7226"}],"curies":[{"name":"wp","href":"https:\/\/api.w.org\/{rel}","templated":true}]}}