{"id":7211,"date":"2021-12-09T14:05:00","date_gmt":"2021-12-09T13:05:00","guid":{"rendered":"https:\/\/www.kelmis.be\/?p=7211"},"modified":"2021-12-09T14:06:26","modified_gmt":"2021-12-09T13:06:26","slug":"stand-de-tir-a-hergenrath-enquete-publique","status":"publish","type":"post","link":"https:\/\/www.kelmis.be\/fr\/depuis-la-maison-communale\/stand-de-tir-a-hergenrath-enquete-publique","title":{"rendered":"Stand de tir \u00e0 Hergenrath: enqu\u00eate publique"},"content":{"rendered":"<p align=\"justify\">Dans le cadre d\u2019une demande de permis d\u2019environnement de cat\u00e9gorie 2 pour l\u2019exploitation d\u2019un stand de tir derri\u00e8re l\u2019\u00e9cole communale de Hergenrath de la part de la soci\u00e9t\u00e9 royale de tir Saint-Marrtin Hergenrath a lieu une enqu\u00eate publique du 16 d\u00e9cembre au 10 janvier 2022.<\/p>\n<p align=\"justify\">Sur base de la v\u00e9rification du caract\u00e8re complet et de la recevabilit\u00e9 de la demande les effets potentiels sur l\u2019environnement ont \u00e9t\u00e9 \u00e9valu\u00e9s. Sur base de la description des activit\u00e9s, des d\u00e9p\u00f4ts et installations, ainsi que des mesures pr\u00e9vues, il peut \u00eatre consid\u00e9r\u00e9 que les effets sur l\u2019environnement ne sont pas consid\u00e9rables\u00a0:<\/p>\n<p align=\"justify\">&#8211; absence d\u2019effets cumulatifs\u00a0;<\/p>\n<p align=\"justify\">&#8211; faible consommation d\u2019eau\u00a0;<\/p>\n<p align=\"justify\">&#8211; faible \u00e9missions auditives et olfactives\u00a0;<\/p>\n<p align=\"justify\">&#8211; pas d\u2019effet sur la flore et la faune.<\/p>\n<p align=\"justify\">Sur base de ces consid\u00e9rations, une \u00e9tude d\u2019incidence environnementale n\u2019est pas n\u00e9cessaire.<\/p>\n<p align=\"justify\">Pour raisons sanitaires (Covid-19), le dossier ne peut \u00eatre consult\u00e9 que sur rendez-vous.<\/p>\n","protected":false},"excerpt":{"rendered":"Dans le cadre d\u2019une demande de permis d\u2019environnement de cat\u00e9gorie 2 pour l\u2019exploitation d\u2019un stand de tir derri\u00e8re l\u2019\u00e9cole communale de Hergenrath de la part de la soci\u00e9t\u00e9 royale de tir Saint-Marrtin Hergenrath a lieu une enqu\u00eate publique du 16 d\u00e9cembre au 10 janvier 2022. Sur base de la v\u00e9rification du caract\u00e8re complet et de [&hellip;]","protected":false},"author":2,"featured_media":7209,"comment_status":"closed","ping_status":"closed","sticky":false,"template":"","format":"standard","meta":{"_acf_changed":false,"footnotes":""},"categories":[71],"tags":[],"class_list":["post-7211","post","type-post","status-publish","format-standard","has-post-thumbnail","hentry","category-depuis-la-maison-communale"],"acf":[],"_links":{"self":[{"href":"https:\/\/www.kelmis.be\/fr\/wp-json\/wp\/v2\/posts\/7211","targetHints":{"allow":["GET"]}}],"collection":[{"href":"https:\/\/www.kelmis.be\/fr\/wp-json\/wp\/v2\/posts"}],"about":[{"href":"https:\/\/www.kelmis.be\/fr\/wp-json\/wp\/v2\/types\/post"}],"author":[{"embeddable":true,"href":"https:\/\/www.kelmis.be\/fr\/wp-json\/wp\/v2\/users\/2"}],"replies":[{"embeddable":true,"href":"https:\/\/www.kelmis.be\/fr\/wp-json\/wp\/v2\/comments?post=7211"}],"version-history":[{"count":2,"href":"https:\/\/www.kelmis.be\/fr\/wp-json\/wp\/v2\/posts\/7211\/revisions"}],"predecessor-version":[{"id":7213,"href":"https:\/\/www.kelmis.be\/fr\/wp-json\/wp\/v2\/posts\/7211\/revisions\/7213"}],"wp:featuredmedia":[{"embeddable":true,"href":"https:\/\/www.kelmis.be\/fr\/wp-json\/wp\/v2\/media\/7209"}],"wp:attachment":[{"href":"https:\/\/www.kelmis.be\/fr\/wp-json\/wp\/v2\/media?parent=7211"}],"wp:term":[{"taxonomy":"category","embeddable":true,"href":"https:\/\/www.kelmis.be\/fr\/wp-json\/wp\/v2\/categories?post=7211"},{"taxonomy":"post_tag","embeddable":true,"href":"https:\/\/www.kelmis.be\/fr\/wp-json\/wp\/v2\/tags?post=7211"}],"curies":[{"name":"wp","href":"https:\/\/api.w.org\/{rel}","templated":true}]}}