{"id":7195,"date":"2021-12-08T15:14:41","date_gmt":"2021-12-08T14:14:41","guid":{"rendered":"https:\/\/www.kelmis.be\/?p=7195"},"modified":"2021-12-08T15:15:53","modified_gmt":"2021-12-08T14:15:53","slug":"permis-unique-pour-lexploitation-dune-eolienne-a-lontzen-refuse","status":"publish","type":"post","link":"https:\/\/www.kelmis.be\/fr\/depuis-la-maison-communale\/permis-unique-pour-lexploitation-dune-eolienne-a-lontzen-refuse","title":{"rendered":"Permis unique pour l\u2019exploitation d\u2019une \u00e9olienne \u00e0 Lontzen refus\u00e9"},"content":{"rendered":"<p align=\"justify\">Le Coll\u00e8ge communal porte \u00e0 la connaissance de la population que le gouvernement de la Communaut\u00e9 germanophone et le D\u00e9partement des Permis et Autorisations de la R\u00e9gion Wallonne ont refus\u00e9 le permis unique sollicit\u00e9 pour l\u2019exploitation d\u2019une \u00e9olienne sur l\u2019aire de repos \u00ab Walhorner Heide \u00bb \u00e0 4710 Lontzen.<\/p>\n<p align=\"justify\">La demande de permis unique avait \u00e9t\u00e9 d\u00e9pos\u00e9e par la soci\u00e9t\u00e9 AIR EOLIENNE DE WALHORNER HEIDE, rue des Fusill\u00e9s 21 \u00e0 6040 Jumet. Conform\u00e9ment \u00e0 l\u2019article D.29-22 du Livre 1 du Code de l\u2019Environnement, le dossier peut \u00eatre consult\u00e9 jusqu&rsquo; au 29 d\u00e9cembre aupr\u00e8s du Service Environnement de la commune de La Calamine. Pour raison de contraintes sanitaires, la consultation ne pourra se faire que sur prise de rendez-vous.<\/p>\n","protected":false},"excerpt":{"rendered":"Le Coll\u00e8ge communal porte \u00e0 la connaissance de la population que le gouvernement de la Communaut\u00e9 germanophone et le D\u00e9partement des Permis et Autorisations de la R\u00e9gion Wallonne ont refus\u00e9 le permis unique sollicit\u00e9 pour l\u2019exploitation d\u2019une \u00e9olienne sur l\u2019aire de repos \u00ab Walhorner Heide \u00bb \u00e0 4710 Lontzen. La demande de permis unique avait [&hellip;]","protected":false},"author":2,"featured_media":7193,"comment_status":"closed","ping_status":"closed","sticky":false,"template":"","format":"standard","meta":{"_acf_changed":false,"footnotes":""},"categories":[71],"tags":[],"class_list":["post-7195","post","type-post","status-publish","format-standard","has-post-thumbnail","hentry","category-depuis-la-maison-communale"],"acf":[],"_links":{"self":[{"href":"https:\/\/www.kelmis.be\/fr\/wp-json\/wp\/v2\/posts\/7195","targetHints":{"allow":["GET"]}}],"collection":[{"href":"https:\/\/www.kelmis.be\/fr\/wp-json\/wp\/v2\/posts"}],"about":[{"href":"https:\/\/www.kelmis.be\/fr\/wp-json\/wp\/v2\/types\/post"}],"author":[{"embeddable":true,"href":"https:\/\/www.kelmis.be\/fr\/wp-json\/wp\/v2\/users\/2"}],"replies":[{"embeddable":true,"href":"https:\/\/www.kelmis.be\/fr\/wp-json\/wp\/v2\/comments?post=7195"}],"version-history":[{"count":2,"href":"https:\/\/www.kelmis.be\/fr\/wp-json\/wp\/v2\/posts\/7195\/revisions"}],"predecessor-version":[{"id":7198,"href":"https:\/\/www.kelmis.be\/fr\/wp-json\/wp\/v2\/posts\/7195\/revisions\/7198"}],"wp:featuredmedia":[{"embeddable":true,"href":"https:\/\/www.kelmis.be\/fr\/wp-json\/wp\/v2\/media\/7193"}],"wp:attachment":[{"href":"https:\/\/www.kelmis.be\/fr\/wp-json\/wp\/v2\/media?parent=7195"}],"wp:term":[{"taxonomy":"category","embeddable":true,"href":"https:\/\/www.kelmis.be\/fr\/wp-json\/wp\/v2\/categories?post=7195"},{"taxonomy":"post_tag","embeddable":true,"href":"https:\/\/www.kelmis.be\/fr\/wp-json\/wp\/v2\/tags?post=7195"}],"curies":[{"name":"wp","href":"https:\/\/api.w.org\/{rel}","templated":true}]}}