{"id":7180,"date":"2021-12-01T16:14:08","date_gmt":"2021-12-01T15:14:08","guid":{"rendered":"https:\/\/www.kelmis.be\/?p=7180"},"modified":"2021-12-01T16:14:16","modified_gmt":"2021-12-01T15:14:16","slug":"poste-de-directeur-general-date-limite-de-depot-des-candidatures-le-18-decembre","status":"publish","type":"post","link":"https:\/\/www.kelmis.be\/fr\/depuis-la-maison-communale\/poste-de-directeur-general-date-limite-de-depot-des-candidatures-le-18-decembre","title":{"rendered":"Poste de directeur g\u00e9n\u00e9ral: date limite de d\u00e9p\u00f4t des candidatures le 18 d\u00e9cembre"},"content":{"rendered":"<p>La commune recrute un nouveau directeur g\u00e9n\u00e9ral (m\/f\/x) pour le 1er f\u00e9vrier 2022. Les candidatures doivent \u00eatre adress\u00e9es par courrier recommand\u00e9 au Coll\u00e8ge communal, rue de l&rsquo;Eglise 31, 4720 La Calamine, avant le 18 d\u00e9cembre. Des informations compl\u00e9mentaires sur la description de fonction, les conditions d&rsquo;admission et le programme d&rsquo;examen peuvent \u00eatre obtenus aupr\u00e8s du directeur g\u00e9n\u00e9ral faisant fonction, Yves Kever (cfr. contact).<\/p>\n","protected":false},"excerpt":{"rendered":"La commune recrute un nouveau directeur g\u00e9n\u00e9ral (m\/f\/x) pour le 1er f\u00e9vrier 2022. Les candidatures doivent \u00eatre adress\u00e9es par courrier recommand\u00e9 au Coll\u00e8ge communal, rue de l&rsquo;Eglise 31, 4720 La Calamine, avant le 18 d\u00e9cembre. Des informations compl\u00e9mentaires sur la description de fonction, les conditions d&rsquo;admission et le programme d&rsquo;examen peuvent \u00eatre obtenus aupr\u00e8s du [&hellip;]","protected":false},"author":2,"featured_media":6870,"comment_status":"closed","ping_status":"closed","sticky":false,"template":"","format":"standard","meta":{"_acf_changed":false,"footnotes":""},"categories":[71],"tags":[],"class_list":["post-7180","post","type-post","status-publish","format-standard","has-post-thumbnail","hentry","category-depuis-la-maison-communale"],"acf":[],"_links":{"self":[{"href":"https:\/\/www.kelmis.be\/fr\/wp-json\/wp\/v2\/posts\/7180","targetHints":{"allow":["GET"]}}],"collection":[{"href":"https:\/\/www.kelmis.be\/fr\/wp-json\/wp\/v2\/posts"}],"about":[{"href":"https:\/\/www.kelmis.be\/fr\/wp-json\/wp\/v2\/types\/post"}],"author":[{"embeddable":true,"href":"https:\/\/www.kelmis.be\/fr\/wp-json\/wp\/v2\/users\/2"}],"replies":[{"embeddable":true,"href":"https:\/\/www.kelmis.be\/fr\/wp-json\/wp\/v2\/comments?post=7180"}],"version-history":[{"count":1,"href":"https:\/\/www.kelmis.be\/fr\/wp-json\/wp\/v2\/posts\/7180\/revisions"}],"predecessor-version":[{"id":7181,"href":"https:\/\/www.kelmis.be\/fr\/wp-json\/wp\/v2\/posts\/7180\/revisions\/7181"}],"wp:featuredmedia":[{"embeddable":true,"href":"https:\/\/www.kelmis.be\/fr\/wp-json\/wp\/v2\/media\/6870"}],"wp:attachment":[{"href":"https:\/\/www.kelmis.be\/fr\/wp-json\/wp\/v2\/media?parent=7180"}],"wp:term":[{"taxonomy":"category","embeddable":true,"href":"https:\/\/www.kelmis.be\/fr\/wp-json\/wp\/v2\/categories?post=7180"},{"taxonomy":"post_tag","embeddable":true,"href":"https:\/\/www.kelmis.be\/fr\/wp-json\/wp\/v2\/tags?post=7180"}],"curies":[{"name":"wp","href":"https:\/\/api.w.org\/{rel}","templated":true}]}}