{"id":7168,"date":"2021-11-30T19:51:43","date_gmt":"2021-11-30T18:51:43","guid":{"rendered":"https:\/\/www.kelmis.be\/?p=7168"},"modified":"2021-11-30T20:10:51","modified_gmt":"2021-11-30T19:10:51","slug":"le-cortege-du-lundi-des-roses-doit-avoir-lieu","status":"publish","type":"post","link":"https:\/\/www.kelmis.be\/fr\/actualite-dans-la-commune\/le-cortege-du-lundi-des-roses-doit-avoir-lieu","title":{"rendered":"Le cort\u00e8ge du lundi des Roses doit avoir lieu"},"content":{"rendered":"<p>Suite \u00e0 l&rsquo;\u00e9volution actuelle de la crise Covid-19, les associations traditionelles de carnaval de La Calamine se sont prononc\u00e9es pour que le cort\u00e8ge du lundi des Roses ait lieu le 28 f\u00e9vrier 2022, conform\u00e9ment aux dispositions l\u00e9gales alors en vigueur. Si, \u00e0 cette date, une obligation de porter un masque pour de telles manifestations devait \u00eatre impos\u00e9e l\u00e9galement, le cort\u00e8ge serait toutefois annul\u00e9 ce jour-l\u00e0. Les participants au cort\u00e8ge, qui ont \u00e9t\u00e9 invit\u00e9s \u00e0 un \u00e9change par le comit\u00e9 du carnaval de La Calamine le 29 novembre 2021, soutiennent cette d\u00e9marche.<\/p>\n<p>En cas d&rsquo;annulation du carnaval de La Calamine, un week-end carnavalesque sera mis sur pied en mai 2022. Le coup d&rsquo;envoi serait donn\u00e9 le vendredi 6 mai 2022 avec une f\u00eate, suivie d&rsquo;une soir\u00e9e carnavalesque le samedi et d&rsquo;un cort\u00e8ge le dimanche.<\/p>\n<p>Fin janvier ou durant la premi\u00e8re semaine de f\u00e9vrier, il sera d\u00e9cid\u00e9 d\u00e9finitivement avec les responsables communaux si les cort\u00e8ges peuvent \u00eatre organis\u00e9s fin f\u00e9vrier. Dans tous les cas, la commune apportera son soutien logistique au comit\u00e9 du carnaval pour le respect des mesures sanitaires.<\/p>\n","protected":false},"excerpt":{"rendered":"Suite \u00e0 l&rsquo;\u00e9volution actuelle de la crise Covid-19, les associations traditionelles de carnaval de La Calamine se sont prononc\u00e9es pour que le cort\u00e8ge du lundi des Roses ait lieu le 28 f\u00e9vrier 2022, conform\u00e9ment aux dispositions l\u00e9gales alors en vigueur. Si, \u00e0 cette date, une obligation de porter un masque pour de telles manifestations devait [&hellip;]","protected":false},"author":2,"featured_media":7166,"comment_status":"closed","ping_status":"closed","sticky":false,"template":"","format":"standard","meta":{"_acf_changed":false,"footnotes":""},"categories":[70],"tags":[],"class_list":["post-7168","post","type-post","status-publish","format-standard","has-post-thumbnail","hentry","category-actualite-dans-la-commune"],"acf":[],"_links":{"self":[{"href":"https:\/\/www.kelmis.be\/fr\/wp-json\/wp\/v2\/posts\/7168","targetHints":{"allow":["GET"]}}],"collection":[{"href":"https:\/\/www.kelmis.be\/fr\/wp-json\/wp\/v2\/posts"}],"about":[{"href":"https:\/\/www.kelmis.be\/fr\/wp-json\/wp\/v2\/types\/post"}],"author":[{"embeddable":true,"href":"https:\/\/www.kelmis.be\/fr\/wp-json\/wp\/v2\/users\/2"}],"replies":[{"embeddable":true,"href":"https:\/\/www.kelmis.be\/fr\/wp-json\/wp\/v2\/comments?post=7168"}],"version-history":[{"count":3,"href":"https:\/\/www.kelmis.be\/fr\/wp-json\/wp\/v2\/posts\/7168\/revisions"}],"predecessor-version":[{"id":7171,"href":"https:\/\/www.kelmis.be\/fr\/wp-json\/wp\/v2\/posts\/7168\/revisions\/7171"}],"wp:featuredmedia":[{"embeddable":true,"href":"https:\/\/www.kelmis.be\/fr\/wp-json\/wp\/v2\/media\/7166"}],"wp:attachment":[{"href":"https:\/\/www.kelmis.be\/fr\/wp-json\/wp\/v2\/media?parent=7168"}],"wp:term":[{"taxonomy":"category","embeddable":true,"href":"https:\/\/www.kelmis.be\/fr\/wp-json\/wp\/v2\/categories?post=7168"},{"taxonomy":"post_tag","embeddable":true,"href":"https:\/\/www.kelmis.be\/fr\/wp-json\/wp\/v2\/tags?post=7168"}],"curies":[{"name":"wp","href":"https:\/\/api.w.org\/{rel}","templated":true}]}}