{"id":7133,"date":"2021-11-25T16:38:51","date_gmt":"2021-11-25T15:38:51","guid":{"rendered":"https:\/\/www.kelmis.be\/?p=7133"},"modified":"2021-11-25T16:38:58","modified_gmt":"2021-11-25T15:38:58","slug":"passez-a-la-collation-zero-dechet","status":"publish","type":"post","link":"https:\/\/www.kelmis.be\/fr\/actualite-dans-la-commune\/passez-a-la-collation-zero-dechet","title":{"rendered":"Passez \u00e0 la collation z\u00e9ro d\u00e9chet"},"content":{"rendered":"<p>Plus que jamais impliqu\u00e9s dans la d\u00e9marche du z\u00e9ro d\u00e9chet (ZD), Intradel et notre commune ont cr\u00e9\u00e9 un magazine qui sera distribu\u00e9 \u00e0 tous les \u00e9l\u00e8ves de primaire et de maternelle, tous r\u00e9seaux confondus, durant la semaine europ\u00e9enne de r\u00e9duction des d\u00e9chets.<\/p>\n<p>L\u2019objectif : la r\u00e9alisation de collations \u00ab ZD \u00bb en toute simplicit\u00e9.<\/p>\n<p>Ce dernier contiendra notamment 12 recettes savoureuses et faciles \u00e0 mettre en \u0153uvre, cr\u00e9\u00e9es sp\u00e9cialement par deux chefs de renom, Julien Lapraille et Jean-Philippe Darcis. Les deux ambassadeurs ont concoct\u00e9 de jolies collations qui s\u00e9duiront tant les petits que les grands gourmands\u00a0:<\/p>\n<p>1. Marbr\u00e9 tendre \u00e0 la banane<\/p>\n<p>2. Cake \u00e0 l\u2019orange<\/p>\n<p>3. Biscuits viennois aux 4 \u00e9pices (sans gluten)<\/p>\n<p>4. Cr\u00eape roul\u00e9e \u00e0 la confiture de saison<\/p>\n<p>5. Tarte de l\u00e9gumes et fromage frais<\/p>\n<p>6. Barquette \u00e0 la fraise<\/p>\n<p>7. Financier aux amandes et \u00e0 la framboise<\/p>\n<p>8. Biscuit joyeux \u00e0 la noisette<\/p>\n<p>9. Gaspacho de tomates multi l\u00e9gumes<\/p>\n<p>10. Barre de brisures de biscuits, fruits secs et baies de Goji<\/p>\n<p>11. Carrot cake aux noix (sans laitage)<\/p>\n<p>12. G\u00e2teau aux pommes<\/p>\n<p>Afin d\u2019inciter la famille enti\u00e8re \u00e0 s\u2019inscrire dans cette d\u00e9marche plus saine pour la sant\u00e9 et l\u2019environnement, les chefs ont pris soin de r\u00e9aliser quelques imitations de marques bien connues qu\u2019on retrouve dans la grande distribution. Finalement, quoi de mieux que le fait maison\u2009!<\/p>\n<p>La r\u00e9alisation de ces recettes est aussi l\u2019occasion r\u00eav\u00e9e de partager un chouette moment en famille, de b\u00e9n\u00e9ficier de collations plus saines, moins sucr\u00e9es et \u00e0 moindre co\u00fbt.<\/p>\n<p><strong>Le magazine proposera \u00e9galement :<\/strong><\/p>\n<p>\u2022 Une s\u00e9rie de trucs et astuces pour int\u00e9grer la logique \u00ab ZD \u00bb dans la vie quotidienne sans trop de contraintes.<\/p>\n<p>\u2022 Des t\u00e9moignages d\u2019exp\u00e9riences de familles qui s\u2019inscrivent dans la d\u00e9marche, chacune \u00e0 leur niveau et qui mettent en lumi\u00e8re les b\u00e9n\u00e9fices obtenus, mais aussi les difficult\u00e9s rencontr\u00e9es.<\/p>\n<p>\u2022 Des conseils pour conserver les aliments.<\/p>\n<p>&#8212;&#8212;&#8212;&#8212;&#8212;&#8212;&#8212;&#8212;&#8212;&#8212;&#8212;&#8212;-<\/p>\n<p>ENCORE PLUS LUDIQUE ET PLUS FACILE : Chaque mois, la vid\u00e9o d\u2019une des recettes r\u00e9alis\u00e9es par nos deux chefs sera diffus\u00e9e sur les r\u00e9seaux sociaux de votre commune.<\/p>\n<p>&#8212;&#8212;&#8212;&#8212;&#8212;&#8212;&#8212;&#8212;&#8212;&#8212;&#8212;&#8212;-<\/p>\n<p>Principes \u00ab\u20090 d\u00e9chet\u2009\u00bb appliqu\u00e9s dans les recettes<\/p>\n<p>1. Utiliser des produits de saison disponibles en vrac.<\/p>\n<p>2. Utiliser des aliments en fin de vie que vous avez tendance \u00e0 jeter habituellement<br \/>\n(ex. : des bananes noircies donneront beaucoup de go\u00fbt \u00e0 vos pr\u00e9parations).<\/p>\n<p>3. \u00c9viter d\u2019utiliser des accessoires jetables (ex. : beurrer votre moule au lieu d\u2019utiliser du papier de cuisson).<\/p>\n","protected":false},"excerpt":{"rendered":"Plus que jamais impliqu\u00e9s dans la d\u00e9marche du z\u00e9ro d\u00e9chet (ZD), Intradel et notre commune ont cr\u00e9\u00e9 un magazine qui sera distribu\u00e9 \u00e0 tous les \u00e9l\u00e8ves de primaire et de maternelle, tous r\u00e9seaux confondus, durant la semaine europ\u00e9enne de r\u00e9duction des d\u00e9chets. L\u2019objectif : la r\u00e9alisation de collations \u00ab ZD \u00bb en toute simplicit\u00e9. Ce [&hellip;]","protected":false},"author":2,"featured_media":7131,"comment_status":"closed","ping_status":"closed","sticky":false,"template":"","format":"standard","meta":{"_acf_changed":false,"footnotes":""},"categories":[70],"tags":[],"class_list":["post-7133","post","type-post","status-publish","format-standard","has-post-thumbnail","hentry","category-actualite-dans-la-commune"],"acf":[],"_links":{"self":[{"href":"https:\/\/www.kelmis.be\/fr\/wp-json\/wp\/v2\/posts\/7133","targetHints":{"allow":["GET"]}}],"collection":[{"href":"https:\/\/www.kelmis.be\/fr\/wp-json\/wp\/v2\/posts"}],"about":[{"href":"https:\/\/www.kelmis.be\/fr\/wp-json\/wp\/v2\/types\/post"}],"author":[{"embeddable":true,"href":"https:\/\/www.kelmis.be\/fr\/wp-json\/wp\/v2\/users\/2"}],"replies":[{"embeddable":true,"href":"https:\/\/www.kelmis.be\/fr\/wp-json\/wp\/v2\/comments?post=7133"}],"version-history":[{"count":1,"href":"https:\/\/www.kelmis.be\/fr\/wp-json\/wp\/v2\/posts\/7133\/revisions"}],"predecessor-version":[{"id":7134,"href":"https:\/\/www.kelmis.be\/fr\/wp-json\/wp\/v2\/posts\/7133\/revisions\/7134"}],"wp:featuredmedia":[{"embeddable":true,"href":"https:\/\/www.kelmis.be\/fr\/wp-json\/wp\/v2\/media\/7131"}],"wp:attachment":[{"href":"https:\/\/www.kelmis.be\/fr\/wp-json\/wp\/v2\/media?parent=7133"}],"wp:term":[{"taxonomy":"category","embeddable":true,"href":"https:\/\/www.kelmis.be\/fr\/wp-json\/wp\/v2\/categories?post=7133"},{"taxonomy":"post_tag","embeddable":true,"href":"https:\/\/www.kelmis.be\/fr\/wp-json\/wp\/v2\/tags?post=7133"}],"curies":[{"name":"wp","href":"https:\/\/api.w.org\/{rel}","templated":true}]}}