{"id":6999,"date":"2021-11-10T15:23:30","date_gmt":"2021-11-10T14:23:30","guid":{"rendered":"https:\/\/www.kelmis.be\/?p=6999"},"modified":"2021-11-10T15:23:30","modified_gmt":"2021-11-10T14:23:30","slug":"armistice-reception-a-la-maison-communale-et-te-deum","status":"publish","type":"post","link":"https:\/\/www.kelmis.be\/fr\/depuis-la-maison-communale\/armistice-reception-a-la-maison-communale-et-te-deum","title":{"rendered":"Armistice: r\u00e9ception \u00e0 la maison communale et Te Deum"},"content":{"rendered":"<p>Pour c\u00e9l\u00e9brer l&rsquo;Armistice du 11 novembre, notre coll\u00e8ge communal accueillera les v\u00e9t\u00e9rans de guerre, les associations royales de La Calamine et les clubs de tir \u00e0 une r\u00e9ception dans la maison communale demain \u00e0 partir de 10h30. Elle sera suivie \u00e0 11 heures d&rsquo;un Te Deum dans l&rsquo;\u00e9glise Notre-Dame de l&rsquo;Assomption et d&rsquo;un d\u00e9p\u00f4t de gerbes au monument aux morts.<\/p>\n","protected":false},"excerpt":{"rendered":"Pour c\u00e9l\u00e9brer l&rsquo;Armistice du 11 novembre, notre coll\u00e8ge communal accueillera les v\u00e9t\u00e9rans de guerre, les associations royales de La Calamine et les clubs de tir \u00e0 une r\u00e9ception dans la maison communale demain \u00e0 partir de 10h30. Elle sera suivie \u00e0 11 heures d&rsquo;un Te Deum dans l&rsquo;\u00e9glise Notre-Dame de l&rsquo;Assomption et d&rsquo;un d\u00e9p\u00f4t de [&hellip;]","protected":false},"author":2,"featured_media":6997,"comment_status":"closed","ping_status":"closed","sticky":false,"template":"","format":"standard","meta":{"_acf_changed":false,"footnotes":""},"categories":[71],"tags":[],"class_list":["post-6999","post","type-post","status-publish","format-standard","has-post-thumbnail","hentry","category-depuis-la-maison-communale"],"acf":[],"_links":{"self":[{"href":"https:\/\/www.kelmis.be\/fr\/wp-json\/wp\/v2\/posts\/6999","targetHints":{"allow":["GET"]}}],"collection":[{"href":"https:\/\/www.kelmis.be\/fr\/wp-json\/wp\/v2\/posts"}],"about":[{"href":"https:\/\/www.kelmis.be\/fr\/wp-json\/wp\/v2\/types\/post"}],"author":[{"embeddable":true,"href":"https:\/\/www.kelmis.be\/fr\/wp-json\/wp\/v2\/users\/2"}],"replies":[{"embeddable":true,"href":"https:\/\/www.kelmis.be\/fr\/wp-json\/wp\/v2\/comments?post=6999"}],"version-history":[{"count":1,"href":"https:\/\/www.kelmis.be\/fr\/wp-json\/wp\/v2\/posts\/6999\/revisions"}],"predecessor-version":[{"id":7000,"href":"https:\/\/www.kelmis.be\/fr\/wp-json\/wp\/v2\/posts\/6999\/revisions\/7000"}],"wp:featuredmedia":[{"embeddable":true,"href":"https:\/\/www.kelmis.be\/fr\/wp-json\/wp\/v2\/media\/6997"}],"wp:attachment":[{"href":"https:\/\/www.kelmis.be\/fr\/wp-json\/wp\/v2\/media?parent=6999"}],"wp:term":[{"taxonomy":"category","embeddable":true,"href":"https:\/\/www.kelmis.be\/fr\/wp-json\/wp\/v2\/categories?post=6999"},{"taxonomy":"post_tag","embeddable":true,"href":"https:\/\/www.kelmis.be\/fr\/wp-json\/wp\/v2\/tags?post=6999"}],"curies":[{"name":"wp","href":"https:\/\/api.w.org\/{rel}","templated":true}]}}