{"id":6672,"date":"2021-09-24T16:59:13","date_gmt":"2021-09-24T14:59:13","guid":{"rendered":"https:\/\/www.kelmis.be\/?p=6672"},"modified":"2021-09-24T17:04:47","modified_gmt":"2021-09-24T15:04:47","slug":"le-numero-trois-du-kelmis-magazine-est-en-ligne-distribution-a-partir-de-demain","status":"publish","type":"post","link":"https:\/\/www.kelmis.be\/fr\/depuis-la-maison-communale\/le-numero-trois-du-kelmis-magazine-est-en-ligne-distribution-a-partir-de-demain","title":{"rendered":"Le num\u00e9ro trois du \u00ab Kelmis magazine \u00bb est en ligne &#8211; Distribution \u00e0 partir de demain"},"content":{"rendered":"<p>Le num\u00e9ro trois du <span style=\"font-family: Liberation Serif, serif;\">\u00ab<\/span> Kelmis magazine <span style=\"font-family: Liberation Serif, serif;\">\u00bb<\/span> est disponible. D\u00e9couvrez-le ici dans la zone de t\u00e9l\u00e9chargement. La distribution de l&rsquo;\u00e9dition imprim\u00e9e par le Covical commencera samedi. Bonne lecture.<\/p>\n","protected":false},"excerpt":{"rendered":"Le num\u00e9ro trois du \u00ab Kelmis magazine \u00bb est disponible. D\u00e9couvrez-le ici dans la zone de t\u00e9l\u00e9chargement. La distribution de l&rsquo;\u00e9dition imprim\u00e9e par le Covical commencera samedi. Bonne lecture.","protected":false},"author":2,"featured_media":6673,"comment_status":"closed","ping_status":"closed","sticky":false,"template":"","format":"standard","meta":{"_acf_changed":false,"footnotes":""},"categories":[71],"tags":[],"class_list":["post-6672","post","type-post","status-publish","format-standard","has-post-thumbnail","hentry","category-depuis-la-maison-communale"],"acf":[],"_links":{"self":[{"href":"https:\/\/www.kelmis.be\/fr\/wp-json\/wp\/v2\/posts\/6672","targetHints":{"allow":["GET"]}}],"collection":[{"href":"https:\/\/www.kelmis.be\/fr\/wp-json\/wp\/v2\/posts"}],"about":[{"href":"https:\/\/www.kelmis.be\/fr\/wp-json\/wp\/v2\/types\/post"}],"author":[{"embeddable":true,"href":"https:\/\/www.kelmis.be\/fr\/wp-json\/wp\/v2\/users\/2"}],"replies":[{"embeddable":true,"href":"https:\/\/www.kelmis.be\/fr\/wp-json\/wp\/v2\/comments?post=6672"}],"version-history":[{"count":3,"href":"https:\/\/www.kelmis.be\/fr\/wp-json\/wp\/v2\/posts\/6672\/revisions"}],"predecessor-version":[{"id":6680,"href":"https:\/\/www.kelmis.be\/fr\/wp-json\/wp\/v2\/posts\/6672\/revisions\/6680"}],"wp:featuredmedia":[{"embeddable":true,"href":"https:\/\/www.kelmis.be\/fr\/wp-json\/wp\/v2\/media\/6673"}],"wp:attachment":[{"href":"https:\/\/www.kelmis.be\/fr\/wp-json\/wp\/v2\/media?parent=6672"}],"wp:term":[{"taxonomy":"category","embeddable":true,"href":"https:\/\/www.kelmis.be\/fr\/wp-json\/wp\/v2\/categories?post=6672"},{"taxonomy":"post_tag","embeddable":true,"href":"https:\/\/www.kelmis.be\/fr\/wp-json\/wp\/v2\/tags?post=6672"}],"curies":[{"name":"wp","href":"https:\/\/api.w.org\/{rel}","templated":true}]}}