{"id":6078,"date":"2021-07-18T14:04:41","date_gmt":"2021-07-18T12:04:41","guid":{"rendered":"https:\/\/www.kelmis.be\/?p=6078"},"modified":"2021-07-18T14:15:27","modified_gmt":"2021-07-18T12:15:27","slug":"deuxieme-numero-du-kelmis-magazine-2","status":"publish","type":"post","link":"https:\/\/www.kelmis.be\/fr\/non-classifiee\/deuxieme-numero-du-kelmis-magazine-2","title":{"rendered":"Deuxi\u00e8me num\u00e9ro du \u00ab Kelmis magazine \u00bb"},"content":{"rendered":"<p>Le deuxi\u00e8me num\u00e9ro du <span style=\"font-family: Liberation Serif, serif;\">\u00ab<\/span> Kelmis magazine <span style=\"font-family: Liberation Serif, serif;\">\u00bb <\/span>est pr\u00eat. Ce lundi soir, le RFC Union La Calamine commencera \u00e0 distribuer le magazine \u00e0 tous les m\u00e9nages. Nous vous proposons d&rsquo;ores et d\u00e9j\u00e0 de t\u00e9l\u00e9charger le <span style=\"font-family: Liberation Serif, serif;\">\u00ab<\/span> Kelmis magazine <span style=\"font-family: Liberation Serif, serif;\">\u00bb<\/span> sur notre site. La couverture est d\u00e9di\u00e9e \u00e0 Robert Goebbels (<span style=\"font-family: Liberation Serif, serif;\">\u00ab<\/span> Pinsel <span style=\"font-family: Liberation Serif, serif;\">\u00bb<\/span>) et \u00e0 son fils Andy. Andy a repris la direction du <span style=\"font-family: Liberation Serif, serif;\">\u00ab<\/span> K\u00fcschespektakel <span style=\"font-family: Liberation Serif, serif;\">\u00bb <\/span>de son p\u00e8re.<\/p>\n","protected":false},"excerpt":{"rendered":"Le deuxi\u00e8me num\u00e9ro du \u00ab Kelmis magazine \u00bb est pr\u00eat. Ce lundi soir, le RFC Union La Calamine commencera \u00e0 distribuer le magazine \u00e0 tous les m\u00e9nages. Nous vous proposons d&rsquo;ores et d\u00e9j\u00e0 de t\u00e9l\u00e9charger le \u00ab Kelmis magazine \u00bb sur notre site. La couverture est d\u00e9di\u00e9e \u00e0 Robert Goebbels (\u00ab Pinsel \u00bb) et \u00e0 [&hellip;]","protected":false},"author":2,"featured_media":6080,"comment_status":"closed","ping_status":"closed","sticky":false,"template":"","format":"standard","meta":{"_acf_changed":false,"footnotes":""},"categories":[],"tags":[],"class_list":["post-6078","post","type-post","status-publish","format-standard","has-post-thumbnail","hentry"],"acf":[],"_links":{"self":[{"href":"https:\/\/www.kelmis.be\/fr\/wp-json\/wp\/v2\/posts\/6078","targetHints":{"allow":["GET"]}}],"collection":[{"href":"https:\/\/www.kelmis.be\/fr\/wp-json\/wp\/v2\/posts"}],"about":[{"href":"https:\/\/www.kelmis.be\/fr\/wp-json\/wp\/v2\/types\/post"}],"author":[{"embeddable":true,"href":"https:\/\/www.kelmis.be\/fr\/wp-json\/wp\/v2\/users\/2"}],"replies":[{"embeddable":true,"href":"https:\/\/www.kelmis.be\/fr\/wp-json\/wp\/v2\/comments?post=6078"}],"version-history":[{"count":2,"href":"https:\/\/www.kelmis.be\/fr\/wp-json\/wp\/v2\/posts\/6078\/revisions"}],"predecessor-version":[{"id":6082,"href":"https:\/\/www.kelmis.be\/fr\/wp-json\/wp\/v2\/posts\/6078\/revisions\/6082"}],"wp:featuredmedia":[{"embeddable":true,"href":"https:\/\/www.kelmis.be\/fr\/wp-json\/wp\/v2\/media\/6080"}],"wp:attachment":[{"href":"https:\/\/www.kelmis.be\/fr\/wp-json\/wp\/v2\/media?parent=6078"}],"wp:term":[{"taxonomy":"category","embeddable":true,"href":"https:\/\/www.kelmis.be\/fr\/wp-json\/wp\/v2\/categories?post=6078"},{"taxonomy":"post_tag","embeddable":true,"href":"https:\/\/www.kelmis.be\/fr\/wp-json\/wp\/v2\/tags?post=6078"}],"curies":[{"name":"wp","href":"https:\/\/api.w.org\/{rel}","templated":true}]}}